{"id":2462,"date":"2022-12-08T19:34:39","date_gmt":"2022-12-08T18:34:39","guid":{"rendered":"https:\/\/agora.xtec.cat\/escolaprovencana\/?p=2462"},"modified":"2022-12-08T20:54:22","modified_gmt":"2022-12-08T19:54:22","slug":"tornada-a-la-calma","status":"publish","type":"post","link":"https:\/\/agora.xtec.cat\/escolaprovencana\/infantil\/i3\/tornada-a-la-calma\/","title":{"rendered":"Tornada a la calma"},"content":{"rendered":"<p>Els tabalets a les estones de despr\u00e9s del pati busquem moments per a relaxar-nos i tornar a la calma: escoltem can\u00e7ons, ens fem massatges, fem una mica de meditaci\u00f3 guiada i el Manel aprofita per fer-nos els seus espectacles de titelles, les seves coreografies de can\u00e7ons i una mica de m\u00e0gia que ens encanta. Us deixem una petita mostra \ud83d\ude42<\/p>\n<p><iframe loading=\"lazy\" src=\"https:\/\/player.vimeo.com\/video\/779371239?h=6e8e54120e\" width=\"640\" height=\"564\" frameborder=\"0\"><\/iframe><\/p>\n","protected":false},"excerpt":{"rendered":"<p>Els tabalets a les estones de despr\u00e9s del pati busquem moments per a relaxar-nos i tornar a la calma: escoltem can\u00e7ons, ens fem massatges, fem una mica de meditaci\u00f3 guiada i el Manel aprofita per fer-nos els seus espectacles de titelles, les seves coreografies de&hellip;  <a href=\"https:\/\/agora.xtec.cat\/escolaprovencana\/infantil\/i3\/tornada-a-la-calma\/\" title=\"Read Tornada a la calma\">Llegeix m\u00e9s\u00bb<\/a><\/p>\n","protected":false},"author":16,"featured_media":2464,"comment_status":"closed","ping_status":"closed","sticky":false,"template":"","format":"standard","meta":{"_bbp_topic_count":0,"_bbp_reply_count":0,"_bbp_total_topic_count":0,"_bbp_total_reply_count":0,"_bbp_voice_count":0,"_bbp_anonymous_reply_count":0,"_bbp_topic_count_hidden":0,"_bbp_reply_count_hidden":0,"_bbp_forum_subforum_count":0,"footnotes":""},"categories":[3],"tags":[],"class_list":["post-2462","post","type-post","status-publish","format-standard","has-post-thumbnail","hentry","category-i3"],"post_mailing_queue_ids":[],"_links":{"self":[{"href":"https:\/\/agora.xtec.cat\/escolaprovencana\/wp-json\/wp\/v2\/posts\/2462","targetHints":{"allow":["GET"]}}],"collection":[{"href":"https:\/\/agora.xtec.cat\/escolaprovencana\/wp-json\/wp\/v2\/posts"}],"about":[{"href":"https:\/\/agora.xtec.cat\/escolaprovencana\/wp-json\/wp\/v2\/types\/post"}],"author":[{"embeddable":true,"href":"https:\/\/agora.xtec.cat\/escolaprovencana\/wp-json\/wp\/v2\/users\/16"}],"replies":[{"embeddable":true,"href":"https:\/\/agora.xtec.cat\/escolaprovencana\/wp-json\/wp\/v2\/comments?post=2462"}],"version-history":[{"count":3,"href":"https:\/\/agora.xtec.cat\/escolaprovencana\/wp-json\/wp\/v2\/posts\/2462\/revisions"}],"predecessor-version":[{"id":2468,"href":"https:\/\/agora.xtec.cat\/escolaprovencana\/wp-json\/wp\/v2\/posts\/2462\/revisions\/2468"}],"wp:featuredmedia":[{"embeddable":true,"href":"https:\/\/agora.xtec.cat\/escolaprovencana\/wp-json\/wp\/v2\/media\/2464"}],"wp:attachment":[{"href":"https:\/\/agora.xtec.cat\/escolaprovencana\/wp-json\/wp\/v2\/media?parent=2462"}],"wp:term":[{"taxonomy":"category","embeddable":true,"href":"https:\/\/agora.xtec.cat\/escolaprovencana\/wp-json\/wp\/v2\/categories?post=2462"},{"taxonomy":"post_tag","embeddable":true,"href":"https:\/\/agora.xtec.cat\/escolaprovencana\/wp-json\/wp\/v2\/tags?post=2462"}],"curies":[{"name":"wp","href":"https:\/\/api.w.org\/{rel}","templated":true}]}}