{"id":2420,"date":"2022-11-22T22:55:54","date_gmt":"2022-11-22T21:55:54","guid":{"rendered":"https:\/\/agora.xtec.cat\/escolaprovencana\/?p=2420"},"modified":"2022-11-22T22:56:07","modified_gmt":"2022-11-22T21:56:07","slug":"anem-a-can-mercader-2","status":"publish","type":"post","link":"https:\/\/agora.xtec.cat\/escolaprovencana\/infantil\/i3\/anem-a-can-mercader-2\/","title":{"rendered":"Anem a Can Mercader"},"content":{"rendered":"<p>Els nens i nenes de la classe dels tabalets hem fet la nostra primera excursi\u00f3 fora de l&#8217;escola.<br \/>\nA l&#8217;arribar al mat\u00ed hem preparat les nostres coses per agafar l&#8217;autocar i anar cap al parc de Can Mercader. Hem esmorzat, hem jugat una estona, hem observat els arbres i l&#8217;entorn a la tardor i hem anat a la recerca del tren al que pujar\u00edem per fer una volteta pel parc. Ens ho hem passat d&#8217;all\u00f2 m\u00e9s b\u00e9, ho voleu veure? <\/p>\n<p><iframe loading=\"lazy\" src=\"https:\/\/player.vimeo.com\/video\/773984051?h=849c7fc859\" width=\"640\" height=\"564\" frameborder=\"0\"><\/iframe><\/p>\n","protected":false},"excerpt":{"rendered":"<p>Els nens i nenes de la classe dels tabalets hem fet la nostra primera excursi\u00f3 fora de l&#8217;escola.<br \/>\nA l&#8217;arribar al mat\u00ed hem preparat les nostres coses per agafar l&#8217;autocar i anar cap al parc de Can Mercader. Hem esmorzat, hem jugat una estona, hem observat&hellip;  <a href=\"https:\/\/agora.xtec.cat\/escolaprovencana\/infantil\/i3\/anem-a-can-mercader-2\/\" title=\"Read Anem a Can Mercader\">Llegeix m\u00e9s\u00bb<\/a><\/p>\n","protected":false},"author":16,"featured_media":2422,"comment_status":"closed","ping_status":"closed","sticky":false,"template":"","format":"standard","meta":{"_bbp_topic_count":0,"_bbp_reply_count":0,"_bbp_total_topic_count":0,"_bbp_total_reply_count":0,"_bbp_voice_count":0,"_bbp_anonymous_reply_count":0,"_bbp_topic_count_hidden":0,"_bbp_reply_count_hidden":0,"_bbp_forum_subforum_count":0,"footnotes":""},"categories":[3],"tags":[],"class_list":["post-2420","post","type-post","status-publish","format-standard","has-post-thumbnail","hentry","category-i3"],"post_mailing_queue_ids":[],"_links":{"self":[{"href":"https:\/\/agora.xtec.cat\/escolaprovencana\/wp-json\/wp\/v2\/posts\/2420","targetHints":{"allow":["GET"]}}],"collection":[{"href":"https:\/\/agora.xtec.cat\/escolaprovencana\/wp-json\/wp\/v2\/posts"}],"about":[{"href":"https:\/\/agora.xtec.cat\/escolaprovencana\/wp-json\/wp\/v2\/types\/post"}],"author":[{"embeddable":true,"href":"https:\/\/agora.xtec.cat\/escolaprovencana\/wp-json\/wp\/v2\/users\/16"}],"replies":[{"embeddable":true,"href":"https:\/\/agora.xtec.cat\/escolaprovencana\/wp-json\/wp\/v2\/comments?post=2420"}],"version-history":[{"count":2,"href":"https:\/\/agora.xtec.cat\/escolaprovencana\/wp-json\/wp\/v2\/posts\/2420\/revisions"}],"predecessor-version":[{"id":2423,"href":"https:\/\/agora.xtec.cat\/escolaprovencana\/wp-json\/wp\/v2\/posts\/2420\/revisions\/2423"}],"wp:featuredmedia":[{"embeddable":true,"href":"https:\/\/agora.xtec.cat\/escolaprovencana\/wp-json\/wp\/v2\/media\/2422"}],"wp:attachment":[{"href":"https:\/\/agora.xtec.cat\/escolaprovencana\/wp-json\/wp\/v2\/media?parent=2420"}],"wp:term":[{"taxonomy":"category","embeddable":true,"href":"https:\/\/agora.xtec.cat\/escolaprovencana\/wp-json\/wp\/v2\/categories?post=2420"},{"taxonomy":"post_tag","embeddable":true,"href":"https:\/\/agora.xtec.cat\/escolaprovencana\/wp-json\/wp\/v2\/tags?post=2420"}],"curies":[{"name":"wp","href":"https:\/\/api.w.org\/{rel}","templated":true}]}}