{"id":2396,"date":"2022-11-11T13:26:18","date_gmt":"2022-11-11T12:26:18","guid":{"rendered":"https:\/\/agora.xtec.cat\/escolaprovencana\/?p=2396"},"modified":"2022-11-22T12:50:39","modified_gmt":"2022-11-22T11:50:39","slug":"sortida-contes-i-rock","status":"publish","type":"post","link":"https:\/\/agora.xtec.cat\/escolaprovencana\/primaria\/1r\/sortida-contes-i-rock\/","title":{"rendered":"Sortida &#8220;Contes i Rock&#8221;"},"content":{"rendered":"<p>El passat dijous 20 d&#8217;octubre, la classe dels conills vam sortir a fer un taller de &#8220;Contes i rock&#8221; des de l&#8217;\u00e0rea de m\u00fasica al CaixaForum.<\/p>\n<p>Aqu\u00ed teniu un breu resum fotogr\u00e0fic de com de b\u00e9 ho vam passar poden tocar instruments de percussi\u00f3 de tota mena, fins i tot una\u00a0aut\u00e8ntica\u00a0bateria!!!<\/p>\n<div style=\"width: 1920px;\" class=\"wp-video\"><!--[if lt IE 9]><script>document.createElement('video');<\/script><![endif]-->\n<video class=\"wp-video-shortcode\" id=\"video-2396-1\" width=\"1920\" height=\"1080\" preload=\"metadata\" controls=\"controls\"><source type=\"video\/mp4\" src=\"https:\/\/agora.xtec.cat\/escolaprovencana\/wp-content\/uploads\/usu2442\/2022\/11\/TALLER-DE-PERCUSSIO-1.mp4?_=1\" \/><a href=\"https:\/\/agora.xtec.cat\/escolaprovencana\/wp-content\/uploads\/usu2442\/2022\/11\/TALLER-DE-PERCUSSIO-1.mp4\">https:\/\/agora.xtec.cat\/escolaprovencana\/wp-content\/uploads\/usu2442\/2022\/11\/TALLER-DE-PERCUSSIO-1.mp4<\/a><\/video><\/div>\n<p>&nbsp;<\/p>\n<p>&nbsp;<\/p>\n","protected":false},"excerpt":{"rendered":"<p>El passat dijous 20 d&#8217;octubre, la classe dels conills vam sortir a fer un taller de &#8220;Contes i rock&#8221; des de l&#8217;\u00e0rea de m\u00fasica al CaixaForum.<br \/>\nAqu\u00ed teniu un breu resum fotogr\u00e0fic de com de b\u00e9 ho vam passar poden tocar instruments de percussi\u00f3 de tota&hellip;  <a href=\"https:\/\/agora.xtec.cat\/escolaprovencana\/primaria\/1r\/sortida-contes-i-rock\/\" title=\"Read Sortida &#8220;Contes i Rock&#8221;\">Llegeix m\u00e9s\u00bb<\/a><\/p>\n","protected":false},"author":1,"featured_media":0,"comment_status":"closed","ping_status":"closed","sticky":false,"template":"","format":"standard","meta":{"_bbp_topic_count":0,"_bbp_reply_count":0,"_bbp_total_topic_count":0,"_bbp_total_reply_count":0,"_bbp_voice_count":0,"_bbp_anonymous_reply_count":0,"_bbp_topic_count_hidden":0,"_bbp_reply_count_hidden":0,"_bbp_forum_subforum_count":0,"footnotes":""},"categories":[10],"tags":[],"class_list":["post-2396","post","type-post","status-publish","format-standard","hentry","category-1r"],"post_mailing_queue_ids":[],"_links":{"self":[{"href":"https:\/\/agora.xtec.cat\/escolaprovencana\/wp-json\/wp\/v2\/posts\/2396","targetHints":{"allow":["GET"]}}],"collection":[{"href":"https:\/\/agora.xtec.cat\/escolaprovencana\/wp-json\/wp\/v2\/posts"}],"about":[{"href":"https:\/\/agora.xtec.cat\/escolaprovencana\/wp-json\/wp\/v2\/types\/post"}],"author":[{"embeddable":true,"href":"https:\/\/agora.xtec.cat\/escolaprovencana\/wp-json\/wp\/v2\/users\/1"}],"replies":[{"embeddable":true,"href":"https:\/\/agora.xtec.cat\/escolaprovencana\/wp-json\/wp\/v2\/comments?post=2396"}],"version-history":[{"count":1,"href":"https:\/\/agora.xtec.cat\/escolaprovencana\/wp-json\/wp\/v2\/posts\/2396\/revisions"}],"predecessor-version":[{"id":2399,"href":"https:\/\/agora.xtec.cat\/escolaprovencana\/wp-json\/wp\/v2\/posts\/2396\/revisions\/2399"}],"wp:attachment":[{"href":"https:\/\/agora.xtec.cat\/escolaprovencana\/wp-json\/wp\/v2\/media?parent=2396"}],"wp:term":[{"taxonomy":"category","embeddable":true,"href":"https:\/\/agora.xtec.cat\/escolaprovencana\/wp-json\/wp\/v2\/categories?post=2396"},{"taxonomy":"post_tag","embeddable":true,"href":"https:\/\/agora.xtec.cat\/escolaprovencana\/wp-json\/wp\/v2\/tags?post=2396"}],"curies":[{"name":"wp","href":"https:\/\/api.w.org\/{rel}","templated":true}]}}