{"id":2369,"date":"2022-11-02T22:45:00","date_gmt":"2022-11-02T21:45:00","guid":{"rendered":"https:\/\/agora.xtec.cat\/escolaprovencana\/?p=2369"},"modified":"2022-11-02T22:51:29","modified_gmt":"2022-11-02T21:51:29","slug":"movem-manetes","status":"publish","type":"post","link":"https:\/\/agora.xtec.cat\/escolaprovencana\/infantil\/i3\/movem-manetes\/","title":{"rendered":"Movem manetes"},"content":{"rendered":"<p>Durant aquestes setmanes, els dilluns a la tarda i els dimecres despr\u00e9s del pati, ens hem dedicat a treballar la grafo a l&#8217;aula mitjan\u00e7ant diverses propostes, grafisme creatiu i pl\u00e0stica inclosos.<br \/>\nUs deixem unes fotografies perqu\u00e8 veieu que b\u00e9 ens ho passem treballant i aprenent \ud83d\ude42<\/p>\n<p><iframe loading=\"lazy\" src=\"https:\/\/player.vimeo.com\/video\/766662053?h=03655be3ec\" width=\"640\" height=\"564\" frameborder=\"0\"><\/iframe><\/p>\n","protected":false},"excerpt":{"rendered":"<p>Durant aquestes setmanes, els dilluns a la tarda i els dimecres despr\u00e9s del pati, ens hem dedicat a treballar la grafo a l&#8217;aula mitjan\u00e7ant diverses propostes, grafisme creatiu i pl\u00e0stica inclosos.<br \/>\nUs deixem unes fotografies perqu\u00e8 veieu que b\u00e9 ens ho passem treballant i aprenent \ud83d\ude42<\/p>\n","protected":false},"author":16,"featured_media":2370,"comment_status":"closed","ping_status":"closed","sticky":false,"template":"","format":"standard","meta":{"_bbp_topic_count":0,"_bbp_reply_count":0,"_bbp_total_topic_count":0,"_bbp_total_reply_count":0,"_bbp_voice_count":0,"_bbp_anonymous_reply_count":0,"_bbp_topic_count_hidden":0,"_bbp_reply_count_hidden":0,"_bbp_forum_subforum_count":0,"footnotes":""},"categories":[3],"tags":[],"class_list":["post-2369","post","type-post","status-publish","format-standard","has-post-thumbnail","hentry","category-i3"],"post_mailing_queue_ids":[],"_links":{"self":[{"href":"https:\/\/agora.xtec.cat\/escolaprovencana\/wp-json\/wp\/v2\/posts\/2369","targetHints":{"allow":["GET"]}}],"collection":[{"href":"https:\/\/agora.xtec.cat\/escolaprovencana\/wp-json\/wp\/v2\/posts"}],"about":[{"href":"https:\/\/agora.xtec.cat\/escolaprovencana\/wp-json\/wp\/v2\/types\/post"}],"author":[{"embeddable":true,"href":"https:\/\/agora.xtec.cat\/escolaprovencana\/wp-json\/wp\/v2\/users\/16"}],"replies":[{"embeddable":true,"href":"https:\/\/agora.xtec.cat\/escolaprovencana\/wp-json\/wp\/v2\/comments?post=2369"}],"version-history":[{"count":2,"href":"https:\/\/agora.xtec.cat\/escolaprovencana\/wp-json\/wp\/v2\/posts\/2369\/revisions"}],"predecessor-version":[{"id":2372,"href":"https:\/\/agora.xtec.cat\/escolaprovencana\/wp-json\/wp\/v2\/posts\/2369\/revisions\/2372"}],"wp:featuredmedia":[{"embeddable":true,"href":"https:\/\/agora.xtec.cat\/escolaprovencana\/wp-json\/wp\/v2\/media\/2370"}],"wp:attachment":[{"href":"https:\/\/agora.xtec.cat\/escolaprovencana\/wp-json\/wp\/v2\/media?parent=2369"}],"wp:term":[{"taxonomy":"category","embeddable":true,"href":"https:\/\/agora.xtec.cat\/escolaprovencana\/wp-json\/wp\/v2\/categories?post=2369"},{"taxonomy":"post_tag","embeddable":true,"href":"https:\/\/agora.xtec.cat\/escolaprovencana\/wp-json\/wp\/v2\/tags?post=2369"}],"curies":[{"name":"wp","href":"https:\/\/api.w.org\/{rel}","templated":true}]}}