{"id":2366,"date":"2022-11-02T22:42:46","date_gmt":"2022-11-02T21:42:46","guid":{"rendered":"https:\/\/agora.xtec.cat\/escolaprovencana\/?p=2366"},"modified":"2022-11-02T22:42:46","modified_gmt":"2022-11-02T21:42:46","slug":"lliure-circulacio","status":"publish","type":"post","link":"https:\/\/agora.xtec.cat\/escolaprovencana\/infantil\/i3\/lliure-circulacio\/","title":{"rendered":"Lliure circulaci\u00f3"},"content":{"rendered":"<p>Aquest mes d&#8217;Octubre a la classe dels Tabalets hem comen\u00e7at a fer espais de lliure circulaci\u00f3. Hem organitzat 7 espais diferenciats dins de l&#8217;aula i hem tingut una oferta de propostes diferents.<br \/>\n&#8211; A la Biblioteca hem estat jugant amb el mini m\u00f3n que vam crear entre tots i totes del PATUFET i l&#8217;\u00faltima setmana d&#8217;Octubre hem deixat el conte de la Maria Castanyera i les seves titelles.<br \/>\n&#8211; A la taula de llum hem treballat amb les construccions de formes geom\u00e8triques amb volum i a la llum negra hem jugat amb els gots transl\u00facids i amb unes m\u00e0scares d&#8217;animals que brillaven a la foscor.<br \/>\n&#8211; A experimentaci\u00f3 hem pogut treballar amb sorra i diferents estris i tamb\u00e9 hem estat trastejant amb llegums: hem omplert culleres, diferents recipients, hem fet classificacions, les hem observat amb el pot lupa&#8230;<br \/>\n&#8211; A pl\u00e0stica hem tingut els cavallets amb playcolors i guixos de colors.<br \/>\n&#8211; A construccions els hi han encantat les peces gegants amb rodes i les vies en format gran.<br \/>\n&#8211; A joc simb\u00f2lic hem pogut gaudir de la cuina (recreant tamb\u00e9 un restaurant): hem fet el rol de cuiner, de cambrer, de client&#8230;<br \/>\n&#8211; A la proposta de treball hem pogut refor\u00e7ar alguna proposta d&#8217;Innovamat com les peces de construcci\u00f3 ajudant a crear s\u00e8ries i hem posat tamb\u00e9 els pompons vermells i les pinces per seguir refor\u00e7ant la motricitat fina i el color vermell.<br \/>\nENS HO HEM PASSAT D&#8217;ALL\u00d2 M\u00c9S B\u00c9&#8230; Qu\u00e8 ens espera al Novembre? <\/p>\n<p><iframe loading=\"lazy\" src=\"https:\/\/player.vimeo.com\/video\/766659037?h=898cf8ddb5\" width=\"640\" height=\"564\" frameborder=\"0\"><\/iframe><\/p>\n","protected":false},"excerpt":{"rendered":"<p>Aquest mes d&#8217;Octubre a la classe dels Tabalets hem comen\u00e7at a fer espais de lliure circulaci\u00f3. Hem organitzat 7 espais diferenciats dins de l&#8217;aula i hem tingut una oferta de propostes diferents.<br \/>\n&#8211; A la Biblioteca hem estat jugant amb el mini m\u00f3n que vam crear&hellip;  <a href=\"https:\/\/agora.xtec.cat\/escolaprovencana\/infantil\/i3\/lliure-circulacio\/\" title=\"Read Lliure circulaci\u00f3\">Llegeix m\u00e9s\u00bb<\/a><\/p>\n","protected":false},"author":16,"featured_media":2367,"comment_status":"closed","ping_status":"closed","sticky":false,"template":"","format":"standard","meta":{"_bbp_topic_count":0,"_bbp_reply_count":0,"_bbp_total_topic_count":0,"_bbp_total_reply_count":0,"_bbp_voice_count":0,"_bbp_anonymous_reply_count":0,"_bbp_topic_count_hidden":0,"_bbp_reply_count_hidden":0,"_bbp_forum_subforum_count":0,"footnotes":""},"categories":[3],"tags":[],"class_list":["post-2366","post","type-post","status-publish","format-standard","has-post-thumbnail","hentry","category-i3"],"post_mailing_queue_ids":[],"_links":{"self":[{"href":"https:\/\/agora.xtec.cat\/escolaprovencana\/wp-json\/wp\/v2\/posts\/2366","targetHints":{"allow":["GET"]}}],"collection":[{"href":"https:\/\/agora.xtec.cat\/escolaprovencana\/wp-json\/wp\/v2\/posts"}],"about":[{"href":"https:\/\/agora.xtec.cat\/escolaprovencana\/wp-json\/wp\/v2\/types\/post"}],"author":[{"embeddable":true,"href":"https:\/\/agora.xtec.cat\/escolaprovencana\/wp-json\/wp\/v2\/users\/16"}],"replies":[{"embeddable":true,"href":"https:\/\/agora.xtec.cat\/escolaprovencana\/wp-json\/wp\/v2\/comments?post=2366"}],"version-history":[{"count":1,"href":"https:\/\/agora.xtec.cat\/escolaprovencana\/wp-json\/wp\/v2\/posts\/2366\/revisions"}],"predecessor-version":[{"id":2368,"href":"https:\/\/agora.xtec.cat\/escolaprovencana\/wp-json\/wp\/v2\/posts\/2366\/revisions\/2368"}],"wp:featuredmedia":[{"embeddable":true,"href":"https:\/\/agora.xtec.cat\/escolaprovencana\/wp-json\/wp\/v2\/media\/2367"}],"wp:attachment":[{"href":"https:\/\/agora.xtec.cat\/escolaprovencana\/wp-json\/wp\/v2\/media?parent=2366"}],"wp:term":[{"taxonomy":"category","embeddable":true,"href":"https:\/\/agora.xtec.cat\/escolaprovencana\/wp-json\/wp\/v2\/categories?post=2366"},{"taxonomy":"post_tag","embeddable":true,"href":"https:\/\/agora.xtec.cat\/escolaprovencana\/wp-json\/wp\/v2\/tags?post=2366"}],"curies":[{"name":"wp","href":"https:\/\/api.w.org\/{rel}","templated":true}]}}