{"id":2362,"date":"2022-11-02T20:36:58","date_gmt":"2022-11-02T19:36:58","guid":{"rendered":"https:\/\/agora.xtec.cat\/escolaprovencana\/?p=2362"},"modified":"2022-11-02T20:40:07","modified_gmt":"2022-11-02T19:40:07","slug":"la-classe-de-6e-ja-te-nom","status":"publish","type":"post","link":"https:\/\/agora.xtec.cat\/escolaprovencana\/primaria\/6e\/la-classe-de-6e-ja-te-nom\/","title":{"rendered":"La classe de 6\u00e8 ja t\u00e9 nom!!!"},"content":{"rendered":"<p>Aquest any, com a projecte com\u00fa d&#8217;escola, treballarem dins el marc dels objectius\u00a0 de desenvolupament sostenible, l&#8217;objectiu 15, que fa refer\u00e8ncia a la vida dels ecosistemes terrestres. No hem trobat millor referent, que el nostre ic\u00f2nic i pioner, en la defensa de la vida animal salvatge, F\u00e9lix Rodr\u00edguez de la Fuente. Aquest gran personatge, ens donar\u00e0 nom a la nostre classe. \u00c9s evident que la seva visi\u00f3 de futur respecte els problemes ecol\u00f2gics que ens explicava en els seus inolvidables documentals, fan d&#8217;ell una figura imprescindible, que cal preservar en la nostra mem\u00f2ria i donar-lo a con\u00e8ixer als nostres infants.<\/p>\n<p>Esperem que la seva figura, ens ajudi a sensibilitzar als nostres alumnes en la conservaci\u00f3 dels nostres ecosistemes. <a href=\"https:\/\/agora.xtec.cat\/escolaprovencana\/wp-content\/uploads\/usu2442\/2022\/11\/felix_rodriguez_de_la_fuente-twitter-efemerides_383223920_117825393_1024x576.jpg\"><img loading=\"lazy\" decoding=\"async\" class=\"alignnone size-full wp-image-2363\" src=\"https:\/\/agora.xtec.cat\/escolaprovencana\/wp-content\/uploads\/usu2442\/2022\/11\/felix_rodriguez_de_la_fuente-twitter-efemerides_383223920_117825393_1024x576.jpg\" alt=\"\" width=\"1024\" height=\"576\" srcset=\"https:\/\/agora.xtec.cat\/escolaprovencana\/wp-content\/uploads\/usu2442\/2022\/11\/felix_rodriguez_de_la_fuente-twitter-efemerides_383223920_117825393_1024x576.jpg 1024w, https:\/\/agora.xtec.cat\/escolaprovencana\/wp-content\/uploads\/usu2442\/2022\/11\/felix_rodriguez_de_la_fuente-twitter-efemerides_383223920_117825393_1024x576-300x169.jpg 300w, https:\/\/agora.xtec.cat\/escolaprovencana\/wp-content\/uploads\/usu2442\/2022\/11\/felix_rodriguez_de_la_fuente-twitter-efemerides_383223920_117825393_1024x576-768x432.jpg 768w\" sizes=\"auto, (max-width: 1024px) 100vw, 1024px\" \/><\/a><\/p>\n","protected":false},"excerpt":{"rendered":"<p>Aquest any, com a projecte com\u00fa d&#8217;escola, treballarem dins el marc dels objectius\u00a0 de desenvolupament sostenible, l&#8217;objectiu 15, que fa refer\u00e8ncia a la vida dels ecosistemes terrestres. No hem trobat millor referent, que el nostre ic\u00f2nic i pioner, en la defensa de la vida animal&hellip;  <a href=\"https:\/\/agora.xtec.cat\/escolaprovencana\/primaria\/6e\/la-classe-de-6e-ja-te-nom\/\" title=\"Read La classe de 6\u00e8 ja t\u00e9 nom!!!\">Llegeix m\u00e9s\u00bb<\/a><\/p>\n","protected":false},"author":10,"featured_media":0,"comment_status":"open","ping_status":"closed","sticky":false,"template":"","format":"standard","meta":{"_bbp_topic_count":0,"_bbp_reply_count":0,"_bbp_total_topic_count":0,"_bbp_total_reply_count":0,"_bbp_voice_count":0,"_bbp_anonymous_reply_count":0,"_bbp_topic_count_hidden":0,"_bbp_reply_count_hidden":0,"_bbp_forum_subforum_count":0,"footnotes":""},"categories":[15],"tags":[],"class_list":["post-2362","post","type-post","status-publish","format-standard","hentry","category-6e"],"post_mailing_queue_ids":[],"_links":{"self":[{"href":"https:\/\/agora.xtec.cat\/escolaprovencana\/wp-json\/wp\/v2\/posts\/2362","targetHints":{"allow":["GET"]}}],"collection":[{"href":"https:\/\/agora.xtec.cat\/escolaprovencana\/wp-json\/wp\/v2\/posts"}],"about":[{"href":"https:\/\/agora.xtec.cat\/escolaprovencana\/wp-json\/wp\/v2\/types\/post"}],"author":[{"embeddable":true,"href":"https:\/\/agora.xtec.cat\/escolaprovencana\/wp-json\/wp\/v2\/users\/10"}],"replies":[{"embeddable":true,"href":"https:\/\/agora.xtec.cat\/escolaprovencana\/wp-json\/wp\/v2\/comments?post=2362"}],"version-history":[{"count":2,"href":"https:\/\/agora.xtec.cat\/escolaprovencana\/wp-json\/wp\/v2\/posts\/2362\/revisions"}],"predecessor-version":[{"id":2365,"href":"https:\/\/agora.xtec.cat\/escolaprovencana\/wp-json\/wp\/v2\/posts\/2362\/revisions\/2365"}],"wp:attachment":[{"href":"https:\/\/agora.xtec.cat\/escolaprovencana\/wp-json\/wp\/v2\/media?parent=2362"}],"wp:term":[{"taxonomy":"category","embeddable":true,"href":"https:\/\/agora.xtec.cat\/escolaprovencana\/wp-json\/wp\/v2\/categories?post=2362"},{"taxonomy":"post_tag","embeddable":true,"href":"https:\/\/agora.xtec.cat\/escolaprovencana\/wp-json\/wp\/v2\/tags?post=2362"}],"curies":[{"name":"wp","href":"https:\/\/api.w.org\/{rel}","templated":true}]}}