{"id":2329,"date":"2022-09-30T11:34:13","date_gmt":"2022-09-30T09:34:13","guid":{"rendered":"https:\/\/agora.xtec.cat\/escolaprovencana\/?p=2329"},"modified":"2022-09-30T11:48:32","modified_gmt":"2022-09-30T09:48:32","slug":"reclamacions-beques-de-menjador-2022-2023","status":"publish","type":"post","link":"https:\/\/agora.xtec.cat\/escolaprovencana\/general\/reclamacions-beques-de-menjador-2022-2023\/","title":{"rendered":"RECLAMACIONS BEQUES DE MENJADOR 2022-2023"},"content":{"rendered":"<p>Totes les fam\u00edlies que estiguin interessades a realitzar una reclamaci\u00f3 dels ajuts individuals de menjador han d&#8217;omplir el<span style=\"text-decoration: underline;\"><strong> formulari de reclamaci\u00f3<\/strong><\/span> i entregar-lo a l&#8217;escola juntament amb la documentaci\u00f3 necess\u00e0ria en el seg\u00fcent horari:<\/p>\n<h4 style=\"text-align: center;\"><span style=\"color: #3366ff;\">DILLUNS I DIJOUS de 9:10 a 13:30h i de 15:10 a 16:30h<\/span><\/h4>\n<p>&nbsp;<\/p>\n<h3 style=\"text-align: center;\"><a href=\"https:\/\/docs.google.com\/document\/d\/1GwJQbvoQWCEMMS_RLnn5cQz0ljHr70VK\/edit?usp=sharing&amp;ouid=107988703192043213818&amp;rtpof=true&amp;sd=true\" target=\"_blank\" rel=\"noopener\"><span style=\"color: #3366ff;\">FORMULARI DE RECLAMACI\u00d3<\/span><\/a><\/h3>\n<p>&nbsp;<\/p>\n","protected":false},"excerpt":{"rendered":"<p>Totes les fam\u00edlies que estiguin interessades a realitzar una reclamaci\u00f3 dels ajuts individuals de menjador han d&#8217;omplir el formulari de reclamaci\u00f3 i entregar-lo a l&#8217;escola juntament amb la documentaci\u00f3 necess\u00e0ria en el seg\u00fcent horari:<br \/>\nDILLUNS I DIJOUS de 9:10 a 13:30h i de 15:10 a 16:30h<br \/>\n&nbsp;<br \/>\n<a&hellip;  <a href=\"https:\/\/agora.xtec.cat\/escolaprovencana\/general\/reclamacions-beques-de-menjador-2022-2023\/\" title=\"Read RECLAMACIONS BEQUES DE MENJADOR 2022-2023\">Llegeix m\u00e9s\u00bb<\/a><\/p>\n","protected":false},"author":1,"featured_media":0,"comment_status":"closed","ping_status":"closed","sticky":false,"template":"","format":"standard","meta":{"_bbp_topic_count":0,"_bbp_reply_count":0,"_bbp_total_topic_count":0,"_bbp_total_reply_count":0,"_bbp_voice_count":0,"_bbp_anonymous_reply_count":0,"_bbp_topic_count_hidden":0,"_bbp_reply_count_hidden":0,"_bbp_forum_subforum_count":0,"footnotes":""},"categories":[1,64,4],"tags":[],"class_list":["post-2329","post","type-post","status-publish","format-standard","hentry","category-general","category-inici","category-portada"],"post_mailing_queue_ids":[],"_links":{"self":[{"href":"https:\/\/agora.xtec.cat\/escolaprovencana\/wp-json\/wp\/v2\/posts\/2329","targetHints":{"allow":["GET"]}}],"collection":[{"href":"https:\/\/agora.xtec.cat\/escolaprovencana\/wp-json\/wp\/v2\/posts"}],"about":[{"href":"https:\/\/agora.xtec.cat\/escolaprovencana\/wp-json\/wp\/v2\/types\/post"}],"author":[{"embeddable":true,"href":"https:\/\/agora.xtec.cat\/escolaprovencana\/wp-json\/wp\/v2\/users\/1"}],"replies":[{"embeddable":true,"href":"https:\/\/agora.xtec.cat\/escolaprovencana\/wp-json\/wp\/v2\/comments?post=2329"}],"version-history":[{"count":3,"href":"https:\/\/agora.xtec.cat\/escolaprovencana\/wp-json\/wp\/v2\/posts\/2329\/revisions"}],"predecessor-version":[{"id":2335,"href":"https:\/\/agora.xtec.cat\/escolaprovencana\/wp-json\/wp\/v2\/posts\/2329\/revisions\/2335"}],"wp:attachment":[{"href":"https:\/\/agora.xtec.cat\/escolaprovencana\/wp-json\/wp\/v2\/media?parent=2329"}],"wp:term":[{"taxonomy":"category","embeddable":true,"href":"https:\/\/agora.xtec.cat\/escolaprovencana\/wp-json\/wp\/v2\/categories?post=2329"},{"taxonomy":"post_tag","embeddable":true,"href":"https:\/\/agora.xtec.cat\/escolaprovencana\/wp-json\/wp\/v2\/tags?post=2329"}],"curies":[{"name":"wp","href":"https:\/\/api.w.org\/{rel}","templated":true}]}}