{"id":2308,"date":"2022-09-22T17:03:35","date_gmt":"2022-09-22T15:03:35","guid":{"rendered":"https:\/\/agora.xtec.cat\/escolaprovencana\/?p=2308"},"modified":"2022-09-22T22:31:16","modified_gmt":"2022-09-22T20:31:16","slug":"els-tabalets-comencen-lescola","status":"publish","type":"post","link":"https:\/\/agora.xtec.cat\/escolaprovencana\/infantil\/i3\/els-tabalets-comencen-lescola\/","title":{"rendered":"Els tabalets comencen l&#8217;escola"},"content":{"rendered":"<p>Un any m\u00e9s tenim el plaer de rebre als petits de l&#8217;escola!<br \/>\nAquests primers dies han estat molt emocionants: un nou espai, companys i companyes nous, mestres que no coneix\u00edem&#8230; per\u00f2 hem fet moltes coses per passar-ho b\u00e9 i cada dia estar m\u00e9s adaptats a l&#8217;escola.<br \/>\nUs deixem unes fotografies d&#8217;aquests primers dies perqu\u00e8 pugueu gaudir-les!<\/p>\n<p><iframe loading=\"lazy\" src=\"https:\/\/player.vimeo.com\/video\/752580412?h=25088c9859\" width=\"640\" height=\"564\" frameborder=\"0\"><\/iframe><\/p>\n","protected":false},"excerpt":{"rendered":"<p>Un any m\u00e9s tenim el plaer de rebre als petits de l&#8217;escola!<br \/>\nAquests primers dies han estat molt emocionants: un nou espai, companys i companyes nous, mestres que no coneix\u00edem&#8230; per\u00f2 hem fet moltes coses per passar-ho b\u00e9 i cada dia estar m\u00e9s adaptats a l&#8217;escola.<br \/>\nUs&hellip;  <a href=\"https:\/\/agora.xtec.cat\/escolaprovencana\/infantil\/i3\/els-tabalets-comencen-lescola\/\" title=\"Read Els tabalets comencen l&#8217;escola\">Llegeix m\u00e9s\u00bb<\/a><\/p>\n","protected":false},"author":16,"featured_media":2311,"comment_status":"closed","ping_status":"closed","sticky":false,"template":"","format":"standard","meta":{"_bbp_topic_count":0,"_bbp_reply_count":0,"_bbp_total_topic_count":0,"_bbp_total_reply_count":0,"_bbp_voice_count":0,"_bbp_anonymous_reply_count":0,"_bbp_topic_count_hidden":0,"_bbp_reply_count_hidden":0,"_bbp_forum_subforum_count":0,"footnotes":""},"categories":[3],"tags":[],"class_list":["post-2308","post","type-post","status-publish","format-standard","has-post-thumbnail","hentry","category-i3"],"post_mailing_queue_ids":[],"_links":{"self":[{"href":"https:\/\/agora.xtec.cat\/escolaprovencana\/wp-json\/wp\/v2\/posts\/2308","targetHints":{"allow":["GET"]}}],"collection":[{"href":"https:\/\/agora.xtec.cat\/escolaprovencana\/wp-json\/wp\/v2\/posts"}],"about":[{"href":"https:\/\/agora.xtec.cat\/escolaprovencana\/wp-json\/wp\/v2\/types\/post"}],"author":[{"embeddable":true,"href":"https:\/\/agora.xtec.cat\/escolaprovencana\/wp-json\/wp\/v2\/users\/16"}],"replies":[{"embeddable":true,"href":"https:\/\/agora.xtec.cat\/escolaprovencana\/wp-json\/wp\/v2\/comments?post=2308"}],"version-history":[{"count":2,"href":"https:\/\/agora.xtec.cat\/escolaprovencana\/wp-json\/wp\/v2\/posts\/2308\/revisions"}],"predecessor-version":[{"id":2310,"href":"https:\/\/agora.xtec.cat\/escolaprovencana\/wp-json\/wp\/v2\/posts\/2308\/revisions\/2310"}],"wp:featuredmedia":[{"embeddable":true,"href":"https:\/\/agora.xtec.cat\/escolaprovencana\/wp-json\/wp\/v2\/media\/2311"}],"wp:attachment":[{"href":"https:\/\/agora.xtec.cat\/escolaprovencana\/wp-json\/wp\/v2\/media?parent=2308"}],"wp:term":[{"taxonomy":"category","embeddable":true,"href":"https:\/\/agora.xtec.cat\/escolaprovencana\/wp-json\/wp\/v2\/categories?post=2308"},{"taxonomy":"post_tag","embeddable":true,"href":"https:\/\/agora.xtec.cat\/escolaprovencana\/wp-json\/wp\/v2\/tags?post=2308"}],"curies":[{"name":"wp","href":"https:\/\/api.w.org\/{rel}","templated":true}]}}