{"id":2264,"date":"2022-07-05T18:03:30","date_gmt":"2022-07-05T16:03:30","guid":{"rendered":"https:\/\/agora.xtec.cat\/escolaprovencana\/?p=2264"},"modified":"2022-07-05T18:03:30","modified_gmt":"2022-07-05T16:03:30","slug":"parlament-graduacio","status":"publish","type":"post","link":"https:\/\/agora.xtec.cat\/escolaprovencana\/primaria\/6e\/parlament-graduacio\/","title":{"rendered":"Parlament graduaci\u00f3"},"content":{"rendered":"<p>Hola fam\u00edlies!<\/p>\n<p>Com ja sabeu, dimecres 22 de juny vam celebrar la graduaci\u00f3 dels nens i nenes de 6\u00e8. Va ser molt emotiu i m\u00e0gic. Cada alumne\/a es va preparar un petit discurs d&#8217;agra\u00efment. Voleu veure-ho?<\/p>\n<p><iframe loading=\"lazy\" title=\"Parlament 6\u00e8\" width=\"500\" height=\"281\" src=\"https:\/\/www.youtube.com\/embed\/5NmnpsAeLfE?feature=oembed\" frameborder=\"0\" allow=\"accelerometer; autoplay; clipboard-write; encrypted-media; gyroscope; picture-in-picture; web-share\" referrerpolicy=\"strict-origin-when-cross-origin\" allowfullscreen><\/iframe><\/p>\n","protected":false},"excerpt":{"rendered":"<p>Hola fam\u00edlies!<br \/>\nCom ja sabeu, dimecres 22 de juny vam celebrar la graduaci\u00f3 dels nens i nenes de 6\u00e8. Va ser molt emotiu i m\u00e0gic. Cada alumne\/a es va preparar un petit discurs d&#8217;agra\u00efment. Voleu veure-ho?<\/p>\n","protected":false},"author":1,"featured_media":2265,"comment_status":"closed","ping_status":"closed","sticky":false,"template":"","format":"standard","meta":{"_bbp_topic_count":0,"_bbp_reply_count":0,"_bbp_total_topic_count":0,"_bbp_total_reply_count":0,"_bbp_voice_count":0,"_bbp_anonymous_reply_count":0,"_bbp_topic_count_hidden":0,"_bbp_reply_count_hidden":0,"_bbp_forum_subforum_count":0,"footnotes":""},"categories":[15],"tags":[],"class_list":["post-2264","post","type-post","status-publish","format-standard","has-post-thumbnail","hentry","category-6e"],"post_mailing_queue_ids":[],"_links":{"self":[{"href":"https:\/\/agora.xtec.cat\/escolaprovencana\/wp-json\/wp\/v2\/posts\/2264","targetHints":{"allow":["GET"]}}],"collection":[{"href":"https:\/\/agora.xtec.cat\/escolaprovencana\/wp-json\/wp\/v2\/posts"}],"about":[{"href":"https:\/\/agora.xtec.cat\/escolaprovencana\/wp-json\/wp\/v2\/types\/post"}],"author":[{"embeddable":true,"href":"https:\/\/agora.xtec.cat\/escolaprovencana\/wp-json\/wp\/v2\/users\/1"}],"replies":[{"embeddable":true,"href":"https:\/\/agora.xtec.cat\/escolaprovencana\/wp-json\/wp\/v2\/comments?post=2264"}],"version-history":[{"count":1,"href":"https:\/\/agora.xtec.cat\/escolaprovencana\/wp-json\/wp\/v2\/posts\/2264\/revisions"}],"predecessor-version":[{"id":2266,"href":"https:\/\/agora.xtec.cat\/escolaprovencana\/wp-json\/wp\/v2\/posts\/2264\/revisions\/2266"}],"wp:featuredmedia":[{"embeddable":true,"href":"https:\/\/agora.xtec.cat\/escolaprovencana\/wp-json\/wp\/v2\/media\/2265"}],"wp:attachment":[{"href":"https:\/\/agora.xtec.cat\/escolaprovencana\/wp-json\/wp\/v2\/media?parent=2264"}],"wp:term":[{"taxonomy":"category","embeddable":true,"href":"https:\/\/agora.xtec.cat\/escolaprovencana\/wp-json\/wp\/v2\/categories?post=2264"},{"taxonomy":"post_tag","embeddable":true,"href":"https:\/\/agora.xtec.cat\/escolaprovencana\/wp-json\/wp\/v2\/tags?post=2264"}],"curies":[{"name":"wp","href":"https:\/\/api.w.org\/{rel}","templated":true}]}}