{"id":2247,"date":"2022-07-05T17:32:31","date_gmt":"2022-07-05T15:32:31","guid":{"rendered":"https:\/\/agora.xtec.cat\/escolaprovencana\/?p=2247"},"modified":"2022-07-05T17:33:04","modified_gmt":"2022-07-05T15:33:04","slug":"la-canco-de-la-felicitat","status":"publish","type":"post","link":"https:\/\/agora.xtec.cat\/escolaprovencana\/infantil\/la-canco-de-la-felicitat\/","title":{"rendered":"La can\u00e7\u00f3 de la felicitat"},"content":{"rendered":"<p>Hola fam\u00edlies!<\/p>\n<p>Dimecres 22 de juny vam celebrar la graduaci\u00f3 dels nens i nenes de 6\u00e8 al Centre Cultural Santa Eul\u00e0lia. Per acomiadar-nos, els hi vam cantar &#8220;La can\u00e7\u00f3 de la felicitat&#8221;. Mireu, mireu!<\/p>\n<p><iframe loading=\"lazy\" title=\"Can\u00e7\u00f3 de la Felicitat\" width=\"500\" height=\"281\" src=\"https:\/\/www.youtube.com\/embed\/fNX1T7nZoiw?feature=oembed\" frameborder=\"0\" allow=\"accelerometer; autoplay; clipboard-write; encrypted-media; gyroscope; picture-in-picture; web-share\" referrerpolicy=\"strict-origin-when-cross-origin\" allowfullscreen><\/iframe><\/p>\n","protected":false},"excerpt":{"rendered":"<p>Hola fam\u00edlies!<br \/>\nDimecres 22 de juny vam celebrar la graduaci\u00f3 dels nens i nenes de 6\u00e8 al Centre Cultural Santa Eul\u00e0lia. Per acomiadar-nos, els hi vam cantar &#8220;La can\u00e7\u00f3 de la felicitat&#8221;. Mireu, mireu!<\/p>\n","protected":false},"author":1,"featured_media":2248,"comment_status":"closed","ping_status":"closed","sticky":false,"template":"","format":"standard","meta":{"_bbp_topic_count":0,"_bbp_reply_count":0,"_bbp_total_topic_count":0,"_bbp_total_reply_count":0,"_bbp_voice_count":0,"_bbp_anonymous_reply_count":0,"_bbp_topic_count_hidden":0,"_bbp_reply_count_hidden":0,"_bbp_forum_subforum_count":0,"footnotes":""},"categories":[3,8,9,2],"tags":[],"class_list":["post-2247","post","type-post","status-publish","format-standard","has-post-thumbnail","hentry","category-i3","category-i4","category-i5","category-infantil"],"post_mailing_queue_ids":[],"_links":{"self":[{"href":"https:\/\/agora.xtec.cat\/escolaprovencana\/wp-json\/wp\/v2\/posts\/2247","targetHints":{"allow":["GET"]}}],"collection":[{"href":"https:\/\/agora.xtec.cat\/escolaprovencana\/wp-json\/wp\/v2\/posts"}],"about":[{"href":"https:\/\/agora.xtec.cat\/escolaprovencana\/wp-json\/wp\/v2\/types\/post"}],"author":[{"embeddable":true,"href":"https:\/\/agora.xtec.cat\/escolaprovencana\/wp-json\/wp\/v2\/users\/1"}],"replies":[{"embeddable":true,"href":"https:\/\/agora.xtec.cat\/escolaprovencana\/wp-json\/wp\/v2\/comments?post=2247"}],"version-history":[{"count":1,"href":"https:\/\/agora.xtec.cat\/escolaprovencana\/wp-json\/wp\/v2\/posts\/2247\/revisions"}],"predecessor-version":[{"id":2249,"href":"https:\/\/agora.xtec.cat\/escolaprovencana\/wp-json\/wp\/v2\/posts\/2247\/revisions\/2249"}],"wp:featuredmedia":[{"embeddable":true,"href":"https:\/\/agora.xtec.cat\/escolaprovencana\/wp-json\/wp\/v2\/media\/2248"}],"wp:attachment":[{"href":"https:\/\/agora.xtec.cat\/escolaprovencana\/wp-json\/wp\/v2\/media?parent=2247"}],"wp:term":[{"taxonomy":"category","embeddable":true,"href":"https:\/\/agora.xtec.cat\/escolaprovencana\/wp-json\/wp\/v2\/categories?post=2247"},{"taxonomy":"post_tag","embeddable":true,"href":"https:\/\/agora.xtec.cat\/escolaprovencana\/wp-json\/wp\/v2\/tags?post=2247"}],"curies":[{"name":"wp","href":"https:\/\/api.w.org\/{rel}","templated":true}]}}