{"id":2236,"date":"2022-03-01T12:52:28","date_gmt":"2022-03-01T11:52:28","guid":{"rendered":"https:\/\/agora.xtec.cat\/escolaprovencana\/?p=2236"},"modified":"2022-07-04T12:55:28","modified_gmt":"2022-07-04T10:55:28","slug":"preinscripcio-i-matricula-escolar-curs-2022-2023","status":"publish","type":"post","link":"https:\/\/agora.xtec.cat\/escolaprovencana\/general\/preinscripcio-i-matricula-escolar-curs-2022-2023\/","title":{"rendered":"PREINSCRIPCI\u00d3 I MATR\u00cdCULA ESCOLAR CURS 2022-2023"},"content":{"rendered":"<h2 style=\"text-align: center;\"><strong>PREINSCRIPCI\u00d3 I MATR\u00cdCULA ESCOLAR<\/strong><\/h2>\n<h2 style=\"text-align: center;\"><strong>CLIQUEU LES IMATGES I ELS ENLLA\u00c7OS PER ACCEDIR A TOTA LA INFORMACI\u00d3<\/strong><\/h2>\n<p>&nbsp;<\/p>\n<p>&nbsp;<\/p>\n<h4><\/h4>\n<h3 style=\"text-align: center;\"><a href=\"https:\/\/drive.google.com\/file\/d\/1gk6p22nobJk5x0EMJmsEgc3_Y1c74tXH\/view?usp=sharing\" target=\"_blank\" rel=\"noopener\">ALUMNES ASSIGNATS AL CENTRE AMB INDICACI\u00d3 DE LA PRIMERA PETICI\u00d3 (10\/06\/2022)<\/a><\/h3>\n<p>&nbsp;<\/p>\n<h3 style=\"text-align: center;\"><a href=\"https:\/\/drive.google.com\/file\/d\/1J6X4c7t4n2-ic7FkfzxgNeS1x6np7efZ\/view?usp=sharing\" target=\"_blank\" rel=\"noopener\">ALUMNES PREINSCRITS AL CENTRE (10\/06\/2022)<\/a><\/h3>\n<p>&nbsp;<\/p>\n<h3 style=\"text-align: center;\"><a href=\"https:\/\/drive.google.com\/file\/d\/1VS81jCHfHqnAYFX2-BkateSwi-TfZB_I\/view?usp=sharing\" target=\"_blank\" rel=\"noopener\">SOL\u00b7LICITUDS EN LLISTA D&#8217;ESPERA (10\/06\/2022)<\/a><\/h3>\n<p>&nbsp;<\/p>\n<h3 style=\"text-align: center;\"><a href=\"https:\/\/drive.google.com\/file\/d\/1ndUBUgqiXnRSGOU0tEQBVfEap9GE0z-8\/view?usp=sharing\" target=\"_blank\" rel=\"noopener\">RECLAMACIONS: INFORMACI\u00d3 FAM\u00cdLIES, PETICI\u00d3 DE CANVI, CENTRES AMB PLACES ESCOLARS VACANTS (10\/06\/2022)\u00a0<\/a><\/h3>\n<p>&nbsp;<\/p>\n<table style=\"border-collapse: collapse; width: 92.0957%; height: 546px;\">\n<tbody>\n<tr>\n<td style=\"width: 25%;\"><a href=\"https:\/\/drive.google.com\/file\/d\/1f586TfSz4dPe5oiqdGJ2WyXuZVStE_Xv\/view?usp=sharing\" target=\"_blank\" rel=\"noopener\"><img loading=\"lazy\" decoding=\"async\" class=\"aligncenter wp-image-2096\" src=\"https:\/\/agora.xtec.cat\/escolaprovencana\/wp-content\/uploads\/usu2442\/2022\/06\/Publicacio-oferta-final-300x233.png\" alt=\"\" width=\"224\" height=\"174\" \/><\/a><\/td>\n<td style=\"width: 25%;\">\n<h4 style=\"text-align: center;\">N\u00daMERO DE DESEMPAT DEL SORTEIG \u00c9S: 1.013<\/h4>\n<\/td>\n<td style=\"width: 25%;\">\n<h4 style=\"text-align: center;\"><a href=\"https:\/\/drive.google.com\/file\/d\/1lFfRepPtUluuhAU1KwPXcASsRjc-Yr7S\/view?usp=sharing\" target=\"_blank\" rel=\"noopener\"><img loading=\"lazy\" decoding=\"async\" class=\"aligncenter wp-image-1984\" src=\"https:\/\/agora.xtec.cat\/escolaprovencana\/wp-content\/uploads\/usu2442\/2022\/05\/Llista-ordenada-300x233.jpg\" alt=\"\" width=\"246\" height=\"191\" \/><\/a><\/h4>\n<\/td>\n<td style=\"width: 25%;\">\n<h4 style=\"text-align: center;\"><a href=\"https:\/\/drive.google.com\/file\/d\/13L0fnhS5qVi4TqhKs6rolAN_mb5dAd6n\/view?usp=sharing\" target=\"_blank\" rel=\"noopener\"><img loading=\"lazy\" decoding=\"async\" class=\"aligncenter wp-image-1952\" src=\"https:\/\/agora.xtec.cat\/escolaprovencana\/wp-content\/uploads\/usu2442\/2022\/05\/Barem-puntuacio-provisional-reclamacions-300x233.jpg\" alt=\"\" width=\"241\" height=\"187\" \/><\/a><\/h4>\n<\/td>\n<\/tr>\n<tr>\n<td style=\"width: 25%;\">\n<h4 style=\"text-align: center;\"><a href=\"https:\/\/drive.google.com\/file\/d\/1pT5yqUEx9Hghv-XYXP3zjKOQNUtJDLhA\/view?usp=sharing\" target=\"_blank\" rel=\"noopener\"><img loading=\"lazy\" decoding=\"async\" class=\"aligncenter wp-image-1890\" src=\"https:\/\/agora.xtec.cat\/escolaprovencana\/wp-content\/uploads\/usu2442\/2022\/04\/publicacio-barem-puntuacio-provisional-300x233.png\" alt=\"\" width=\"216\" height=\"168\" \/><\/a><\/h4>\n<\/td>\n<td style=\"width: 25%;\">\n<h4 style=\"text-align: center;\"><a href=\"https:\/\/drive.google.com\/file\/d\/1lDHv6s5n3BfgF6fO30V1sTAQpSGVAgV6\/view?usp=sharing\" target=\"_blank\" rel=\"noopener\"><img loading=\"lazy\" decoding=\"async\" class=\"aligncenter wp-image-1747\" src=\"https:\/\/agora.xtec.cat\/escolaprovencana\/wp-content\/uploads\/usu2442\/2022\/03\/Oferta-inicial-web-1024x576.png\" alt=\"\" width=\"272\" height=\"153\" \/><\/a><\/h4>\n<\/td>\n<td style=\"width: 25%;\">\n<h3><a href=\"https:\/\/preinscripcio.gencat.cat\/ca\/inici\" target=\"_blank\" rel=\"noopener\"><img loading=\"lazy\" decoding=\"async\" class=\"aligncenter wp-image-1518\" src=\"https:\/\/agora.xtec.cat\/escolaprovencana\/wp-content\/uploads\/usu2442\/2022\/02\/Retol-web-1024x576.png\" alt=\"\" width=\"279\" height=\"157\" srcset=\"https:\/\/agora.xtec.cat\/escolaprovencana\/wp-content\/uploads\/usu2442\/2022\/02\/Retol-web-1024x576.png 1024w, https:\/\/agora.xtec.cat\/escolaprovencana\/wp-content\/uploads\/usu2442\/2022\/02\/Retol-web-300x169.png 300w, https:\/\/agora.xtec.cat\/escolaprovencana\/wp-content\/uploads\/usu2442\/2022\/02\/Retol-web-768x432.png 768w, https:\/\/agora.xtec.cat\/escolaprovencana\/wp-content\/uploads\/usu2442\/2022\/02\/Retol-web-1536x864.png 1536w, https:\/\/agora.xtec.cat\/escolaprovencana\/wp-content\/uploads\/usu2442\/2022\/02\/Retol-web.png 1920w\" sizes=\"auto, (max-width: 279px) 100vw, 279px\" \/><\/a><\/h3>\n<\/td>\n<td style=\"width: 25%;\">\n<h3><span style=\"color: #2795b6;\"><a style=\"color: #2795b6;\" href=\"https:\/\/preinscripcio.gencat.cat\/ca\/estudis\/infantil-3-6\/informat\/calendari\/\" target=\"_blank\" rel=\"noopener\"><img loading=\"lazy\" decoding=\"async\" class=\"aligncenter wp-image-1751\" src=\"https:\/\/agora.xtec.cat\/escolaprovencana\/wp-content\/uploads\/usu2442\/2022\/03\/Calendari-preinscripcio-i-matricula-1024x726.png\" alt=\"\" width=\"238\" height=\"169\" srcset=\"https:\/\/agora.xtec.cat\/escolaprovencana\/wp-content\/uploads\/usu2442\/2022\/03\/Calendari-preinscripcio-i-matricula-1024x726.png 1024w, https:\/\/agora.xtec.cat\/escolaprovencana\/wp-content\/uploads\/usu2442\/2022\/03\/Calendari-preinscripcio-i-matricula-300x213.png 300w, https:\/\/agora.xtec.cat\/escolaprovencana\/wp-content\/uploads\/usu2442\/2022\/03\/Calendari-preinscripcio-i-matricula-768x545.png 768w, https:\/\/agora.xtec.cat\/escolaprovencana\/wp-content\/uploads\/usu2442\/2022\/03\/Calendari-preinscripcio-i-matricula-1536x1090.png 1536w, https:\/\/agora.xtec.cat\/escolaprovencana\/wp-content\/uploads\/usu2442\/2022\/03\/Calendari-preinscripcio-i-matricula.png 1748w\" sizes=\"auto, (max-width: 238px) 100vw, 238px\" \/><\/a><\/span><\/h3>\n<\/td>\n<\/tr>\n<tr>\n<td style=\"width: 25%;\" colspan=\"4\">\n<h3 style=\"text-align: center;\"><strong>Us deixem tamb\u00e9 els enlla\u00e7os de:<\/strong><\/h3>\n<h3 style=\"text-align: center;\"><a href=\"http:\/\/mapaescolar.gencat.cat\/\" target=\"_blank\" rel=\"noopener\">Mapa escolar de Catalunya<\/a><\/h3>\n<h3 style=\"text-align: center;\"><a href=\"https:\/\/preinscripcio.gencat.cat\/web\/.content\/ajuda\/guia-preinscripcio.pdf\" target=\"_blank\" rel=\"noopener\">Guia per a la preinscripci\u00f3 en l\u00ednia i matr\u00edcula del curs 2022-2023<\/a><\/h3>\n<\/td>\n<\/tr>\n<\/tbody>\n<\/table>\n<h3 style=\"text-align: center;\"><\/h3>\n","protected":false},"excerpt":{"rendered":"<p>PREINSCRIPCI\u00d3 I MATR\u00cdCULA ESCOLAR<br \/>\nCLIQUEU LES IMATGES I ELS ENLLA\u00c7OS PER ACCEDIR A TOTA LA INFORMACI\u00d3<br \/>\n&nbsp;<br \/>\n&nbsp;<\/p>\n<p><a href=\"https:\/\/drive.google.com\/file\/d\/1gk6p22nobJk5x0EMJmsEgc3_Y1c74tXH\/view?usp=sharing\" target=\"_blank\" rel=\"noopener\">ALUMNES ASSIGNATS AL CENTRE AMB INDICACI\u00d3 DE LA PRIMERA PETICI\u00d3 (10\/06\/2022)<\/a><br \/>\n&nbsp;<br \/>\n<a href=\"https:\/\/drive.google.com\/file\/d\/1J6X4c7t4n2-ic7FkfzxgNeS1x6np7efZ\/view?usp=sharing\" target=\"_blank\" rel=\"noopener\">ALUMNES PREINSCRITS AL CENTRE (10\/06\/2022)<\/a><br \/>\n&nbsp;<br \/>\n<a href=\"https:\/\/drive.google.com\/file\/d\/1VS81jCHfHqnAYFX2-BkateSwi-TfZB_I\/view?usp=sharing\" target=\"_blank\" rel=\"noopener\">SOL\u00b7LICITUDS EN LLISTA D&#8217;ESPERA (10\/06\/2022)<\/a><br \/>\n&nbsp;<br \/>\n<a href=\"https:\/\/drive.google.com\/file\/d\/1ndUBUgqiXnRSGOU0tEQBVfEap9GE0z-8\/view?usp=sharing\" target=\"_blank\" rel=\"noopener\">RECLAMACIONS:&hellip;  <a href=\"https:\/\/agora.xtec.cat\/escolaprovencana\/general\/preinscripcio-i-matricula-escolar-curs-2022-2023\/\" title=\"Read PREINSCRIPCI\u00d3 I MATR\u00cdCULA ESCOLAR CURS 2022-2023\">Llegeix m\u00e9s\u00bb<\/a><\/p>\n","protected":false},"author":1,"featured_media":0,"comment_status":"closed","ping_status":"closed","sticky":false,"template":"","format":"standard","meta":{"_bbp_topic_count":0,"_bbp_reply_count":0,"_bbp_total_topic_count":0,"_bbp_total_reply_count":0,"_bbp_voice_count":0,"_bbp_anonymous_reply_count":0,"_bbp_topic_count_hidden":0,"_bbp_reply_count_hidden":0,"_bbp_forum_subforum_count":0,"footnotes":""},"categories":[1,64],"tags":[],"class_list":["post-2236","post","type-post","status-publish","format-standard","hentry","category-general","category-inici"],"post_mailing_queue_ids":[],"_links":{"self":[{"href":"https:\/\/agora.xtec.cat\/escolaprovencana\/wp-json\/wp\/v2\/posts\/2236","targetHints":{"allow":["GET"]}}],"collection":[{"href":"https:\/\/agora.xtec.cat\/escolaprovencana\/wp-json\/wp\/v2\/posts"}],"about":[{"href":"https:\/\/agora.xtec.cat\/escolaprovencana\/wp-json\/wp\/v2\/types\/post"}],"author":[{"embeddable":true,"href":"https:\/\/agora.xtec.cat\/escolaprovencana\/wp-json\/wp\/v2\/users\/1"}],"replies":[{"embeddable":true,"href":"https:\/\/agora.xtec.cat\/escolaprovencana\/wp-json\/wp\/v2\/comments?post=2236"}],"version-history":[{"count":1,"href":"https:\/\/agora.xtec.cat\/escolaprovencana\/wp-json\/wp\/v2\/posts\/2236\/revisions"}],"predecessor-version":[{"id":2237,"href":"https:\/\/agora.xtec.cat\/escolaprovencana\/wp-json\/wp\/v2\/posts\/2236\/revisions\/2237"}],"wp:attachment":[{"href":"https:\/\/agora.xtec.cat\/escolaprovencana\/wp-json\/wp\/v2\/media?parent=2236"}],"wp:term":[{"taxonomy":"category","embeddable":true,"href":"https:\/\/agora.xtec.cat\/escolaprovencana\/wp-json\/wp\/v2\/categories?post=2236"},{"taxonomy":"post_tag","embeddable":true,"href":"https:\/\/agora.xtec.cat\/escolaprovencana\/wp-json\/wp\/v2\/tags?post=2236"}],"curies":[{"name":"wp","href":"https:\/\/api.w.org\/{rel}","templated":true}]}}