{"id":2225,"date":"2022-06-22T23:11:13","date_gmt":"2022-06-22T21:11:13","guid":{"rendered":"https:\/\/agora.xtec.cat\/escolaprovencana\/?p=2225"},"modified":"2022-06-22T23:11:13","modified_gmt":"2022-06-22T21:11:13","slug":"dansa-shape-of-you","status":"publish","type":"post","link":"https:\/\/agora.xtec.cat\/escolaprovencana\/primaria\/6e\/dansa-shape-of-you\/","title":{"rendered":"Dansa &#8220;Shape of you&#8221;"},"content":{"rendered":"<p>Dilluns vam fer la mostra de danses d\u2019Educaci\u00f3 F\u00edsica davant les fam\u00edlies.<\/p>\n<p>Els alumnes m\u00e9s grans de l&#8217;escola van preparar un ball fant\u00e0stic, mireu que b\u00e9 els hi va quedar!!<\/p>\n<p><iframe loading=\"lazy\" title=\"Dansa 6\u00e8 &quot;Shape of you&quot;\" width=\"500\" height=\"281\" src=\"https:\/\/www.youtube.com\/embed\/Z1e3OTwtcYM?feature=oembed\" frameborder=\"0\" allow=\"accelerometer; autoplay; clipboard-write; encrypted-media; gyroscope; picture-in-picture; web-share\" referrerpolicy=\"strict-origin-when-cross-origin\" allowfullscreen><\/iframe><\/p>\n","protected":false},"excerpt":{"rendered":"<p>Dilluns vam fer la mostra de danses d\u2019Educaci\u00f3 F\u00edsica davant les fam\u00edlies.<br \/>\nEls alumnes m\u00e9s grans de l&#8217;escola van preparar un ball fant\u00e0stic, mireu que b\u00e9 els hi va quedar!!<\/p>\n","protected":false},"author":25,"featured_media":2226,"comment_status":"closed","ping_status":"closed","sticky":false,"template":"","format":"standard","meta":{"_bbp_topic_count":0,"_bbp_reply_count":0,"_bbp_total_topic_count":0,"_bbp_total_reply_count":0,"_bbp_voice_count":0,"_bbp_anonymous_reply_count":0,"_bbp_topic_count_hidden":0,"_bbp_reply_count_hidden":0,"_bbp_forum_subforum_count":0,"footnotes":""},"categories":[15],"tags":[],"class_list":["post-2225","post","type-post","status-publish","format-standard","has-post-thumbnail","hentry","category-6e"],"post_mailing_queue_ids":[],"_links":{"self":[{"href":"https:\/\/agora.xtec.cat\/escolaprovencana\/wp-json\/wp\/v2\/posts\/2225","targetHints":{"allow":["GET"]}}],"collection":[{"href":"https:\/\/agora.xtec.cat\/escolaprovencana\/wp-json\/wp\/v2\/posts"}],"about":[{"href":"https:\/\/agora.xtec.cat\/escolaprovencana\/wp-json\/wp\/v2\/types\/post"}],"author":[{"embeddable":true,"href":"https:\/\/agora.xtec.cat\/escolaprovencana\/wp-json\/wp\/v2\/users\/25"}],"replies":[{"embeddable":true,"href":"https:\/\/agora.xtec.cat\/escolaprovencana\/wp-json\/wp\/v2\/comments?post=2225"}],"version-history":[{"count":1,"href":"https:\/\/agora.xtec.cat\/escolaprovencana\/wp-json\/wp\/v2\/posts\/2225\/revisions"}],"predecessor-version":[{"id":2227,"href":"https:\/\/agora.xtec.cat\/escolaprovencana\/wp-json\/wp\/v2\/posts\/2225\/revisions\/2227"}],"wp:featuredmedia":[{"embeddable":true,"href":"https:\/\/agora.xtec.cat\/escolaprovencana\/wp-json\/wp\/v2\/media\/2226"}],"wp:attachment":[{"href":"https:\/\/agora.xtec.cat\/escolaprovencana\/wp-json\/wp\/v2\/media?parent=2225"}],"wp:term":[{"taxonomy":"category","embeddable":true,"href":"https:\/\/agora.xtec.cat\/escolaprovencana\/wp-json\/wp\/v2\/categories?post=2225"},{"taxonomy":"post_tag","embeddable":true,"href":"https:\/\/agora.xtec.cat\/escolaprovencana\/wp-json\/wp\/v2\/tags?post=2225"}],"curies":[{"name":"wp","href":"https:\/\/api.w.org\/{rel}","templated":true}]}}