{"id":2222,"date":"2022-06-22T23:06:25","date_gmt":"2022-06-22T21:06:25","guid":{"rendered":"https:\/\/agora.xtec.cat\/escolaprovencana\/?p=2222"},"modified":"2022-06-22T23:06:25","modified_gmt":"2022-06-22T21:06:25","slug":"dansa-tacones-rojos-i-slomo","status":"publish","type":"post","link":"https:\/\/agora.xtec.cat\/escolaprovencana\/primaria\/4t\/dansa-tacones-rojos-i-slomo\/","title":{"rendered":"Dansa &#8220;Tacones Rojos&#8221; i &#8220;SloMo&#8221;"},"content":{"rendered":"<p>Dilluns vam fer la mostra de danses d\u2019Educaci\u00f3 F\u00edsica davant les fam\u00edlies.<\/p>\n<p>La classe de 4t va demostrar que s\u00f3n uns professionals en el ball, van preparar una coreografia fant\u00e0stica i vam quedar bocabadats!<\/p>\n<p><iframe loading=\"lazy\" title=\"Dansa 4t &quot;Tacones rojos&quot; i &quot;SloMo&quot;\" width=\"500\" height=\"281\" src=\"https:\/\/www.youtube.com\/embed\/M-RjZPAzts0?feature=oembed\" frameborder=\"0\" allow=\"accelerometer; autoplay; clipboard-write; encrypted-media; gyroscope; picture-in-picture; web-share\" referrerpolicy=\"strict-origin-when-cross-origin\" allowfullscreen><\/iframe><\/p>\n","protected":false},"excerpt":{"rendered":"<p>Dilluns vam fer la mostra de danses d\u2019Educaci\u00f3 F\u00edsica davant les fam\u00edlies.<br \/>\nLa classe de 4t va demostrar que s\u00f3n uns professionals en el ball, van preparar una coreografia fant\u00e0stica i vam quedar bocabadats!<\/p>\n","protected":false},"author":25,"featured_media":2223,"comment_status":"closed","ping_status":"closed","sticky":false,"template":"","format":"standard","meta":{"_bbp_topic_count":0,"_bbp_reply_count":0,"_bbp_total_topic_count":0,"_bbp_total_reply_count":0,"_bbp_voice_count":0,"_bbp_anonymous_reply_count":0,"_bbp_topic_count_hidden":0,"_bbp_reply_count_hidden":0,"_bbp_forum_subforum_count":0,"footnotes":""},"categories":[13],"tags":[],"class_list":["post-2222","post","type-post","status-publish","format-standard","has-post-thumbnail","hentry","category-4t"],"post_mailing_queue_ids":[],"_links":{"self":[{"href":"https:\/\/agora.xtec.cat\/escolaprovencana\/wp-json\/wp\/v2\/posts\/2222","targetHints":{"allow":["GET"]}}],"collection":[{"href":"https:\/\/agora.xtec.cat\/escolaprovencana\/wp-json\/wp\/v2\/posts"}],"about":[{"href":"https:\/\/agora.xtec.cat\/escolaprovencana\/wp-json\/wp\/v2\/types\/post"}],"author":[{"embeddable":true,"href":"https:\/\/agora.xtec.cat\/escolaprovencana\/wp-json\/wp\/v2\/users\/25"}],"replies":[{"embeddable":true,"href":"https:\/\/agora.xtec.cat\/escolaprovencana\/wp-json\/wp\/v2\/comments?post=2222"}],"version-history":[{"count":1,"href":"https:\/\/agora.xtec.cat\/escolaprovencana\/wp-json\/wp\/v2\/posts\/2222\/revisions"}],"predecessor-version":[{"id":2224,"href":"https:\/\/agora.xtec.cat\/escolaprovencana\/wp-json\/wp\/v2\/posts\/2222\/revisions\/2224"}],"wp:featuredmedia":[{"embeddable":true,"href":"https:\/\/agora.xtec.cat\/escolaprovencana\/wp-json\/wp\/v2\/media\/2223"}],"wp:attachment":[{"href":"https:\/\/agora.xtec.cat\/escolaprovencana\/wp-json\/wp\/v2\/media?parent=2222"}],"wp:term":[{"taxonomy":"category","embeddable":true,"href":"https:\/\/agora.xtec.cat\/escolaprovencana\/wp-json\/wp\/v2\/categories?post=2222"},{"taxonomy":"post_tag","embeddable":true,"href":"https:\/\/agora.xtec.cat\/escolaprovencana\/wp-json\/wp\/v2\/tags?post=2222"}],"curies":[{"name":"wp","href":"https:\/\/api.w.org\/{rel}","templated":true}]}}