{"id":2210,"date":"2022-06-22T22:51:15","date_gmt":"2022-06-22T20:51:15","guid":{"rendered":"https:\/\/agora.xtec.cat\/escolaprovencana\/?p=2210"},"modified":"2022-06-22T22:51:34","modified_gmt":"2022-06-22T20:51:34","slug":"dansa-pirates-el-ball-dels-pirates","status":"publish","type":"post","link":"https:\/\/agora.xtec.cat\/escolaprovencana\/infantil\/i5\/dansa-pirates-el-ball-dels-pirates\/","title":{"rendered":"Dansa Pirates &#8220;El ball dels Pirates&#8221;"},"content":{"rendered":"<p>Dilluns vam fer la mostra de danses d\u2019Educaci\u00f3 F\u00edsica davant les fam\u00edlies.<\/p>\n<p>Han ballat aquesta can\u00e7\u00f3 a la perfecci\u00f3, com es nota que s\u00f3n aut\u00e8ntics Pirates!!<\/p>\n<p><iframe loading=\"lazy\" title=\"Dansa classe dels Pirates &quot;El ball dels Pirates&quot;\" width=\"500\" height=\"281\" src=\"https:\/\/www.youtube.com\/embed\/fbiZPDZMBUw?feature=oembed\" frameborder=\"0\" allow=\"accelerometer; autoplay; clipboard-write; encrypted-media; gyroscope; picture-in-picture; web-share\" referrerpolicy=\"strict-origin-when-cross-origin\" allowfullscreen><\/iframe><\/p>\n","protected":false},"excerpt":{"rendered":"<p>Dilluns vam fer la mostra de danses d\u2019Educaci\u00f3 F\u00edsica davant les fam\u00edlies.<br \/>\nHan ballat aquesta can\u00e7\u00f3 a la perfecci\u00f3, com es nota que s\u00f3n aut\u00e8ntics Pirates!!<\/p>\n","protected":false},"author":25,"featured_media":2211,"comment_status":"closed","ping_status":"closed","sticky":false,"template":"","format":"standard","meta":{"_bbp_topic_count":0,"_bbp_reply_count":0,"_bbp_total_topic_count":0,"_bbp_total_reply_count":0,"_bbp_voice_count":0,"_bbp_anonymous_reply_count":0,"_bbp_topic_count_hidden":0,"_bbp_reply_count_hidden":0,"_bbp_forum_subforum_count":0,"footnotes":""},"categories":[9],"tags":[],"class_list":["post-2210","post","type-post","status-publish","format-standard","has-post-thumbnail","hentry","category-i5"],"post_mailing_queue_ids":[],"_links":{"self":[{"href":"https:\/\/agora.xtec.cat\/escolaprovencana\/wp-json\/wp\/v2\/posts\/2210","targetHints":{"allow":["GET"]}}],"collection":[{"href":"https:\/\/agora.xtec.cat\/escolaprovencana\/wp-json\/wp\/v2\/posts"}],"about":[{"href":"https:\/\/agora.xtec.cat\/escolaprovencana\/wp-json\/wp\/v2\/types\/post"}],"author":[{"embeddable":true,"href":"https:\/\/agora.xtec.cat\/escolaprovencana\/wp-json\/wp\/v2\/users\/25"}],"replies":[{"embeddable":true,"href":"https:\/\/agora.xtec.cat\/escolaprovencana\/wp-json\/wp\/v2\/comments?post=2210"}],"version-history":[{"count":1,"href":"https:\/\/agora.xtec.cat\/escolaprovencana\/wp-json\/wp\/v2\/posts\/2210\/revisions"}],"predecessor-version":[{"id":2212,"href":"https:\/\/agora.xtec.cat\/escolaprovencana\/wp-json\/wp\/v2\/posts\/2210\/revisions\/2212"}],"wp:featuredmedia":[{"embeddable":true,"href":"https:\/\/agora.xtec.cat\/escolaprovencana\/wp-json\/wp\/v2\/media\/2211"}],"wp:attachment":[{"href":"https:\/\/agora.xtec.cat\/escolaprovencana\/wp-json\/wp\/v2\/media?parent=2210"}],"wp:term":[{"taxonomy":"category","embeddable":true,"href":"https:\/\/agora.xtec.cat\/escolaprovencana\/wp-json\/wp\/v2\/categories?post=2210"},{"taxonomy":"post_tag","embeddable":true,"href":"https:\/\/agora.xtec.cat\/escolaprovencana\/wp-json\/wp\/v2\/tags?post=2210"}],"curies":[{"name":"wp","href":"https:\/\/api.w.org\/{rel}","templated":true}]}}