{"id":2196,"date":"2022-06-22T22:27:01","date_gmt":"2022-06-22T20:27:01","guid":{"rendered":"https:\/\/agora.xtec.cat\/escolaprovencana\/?p=2196"},"modified":"2022-06-22T22:40:26","modified_gmt":"2022-06-22T20:40:26","slug":"dansa-tabalets-da-una-vuelta-en-tu-lugar","status":"publish","type":"post","link":"https:\/\/agora.xtec.cat\/escolaprovencana\/infantil\/i3\/dansa-tabalets-da-una-vuelta-en-tu-lugar\/","title":{"rendered":"Dansa Tabalets &#8220;Da una vuelta en tu lugar&#8221;"},"content":{"rendered":"<p>Dilluns vam fer la mostra de danses d&#8217;Educaci\u00f3 F\u00edsica davant les fam\u00edlies.<\/p>\n<p>Mireu, mireu quins Tabalets m\u00e9s ballarins! Ho van fer genial!!!<\/p>\n<p><iframe loading=\"lazy\" title=\"Dansa classe dels Tabalets &quot;Da una vuelta en tu lugar&quot;\" width=\"500\" height=\"281\" src=\"https:\/\/www.youtube.com\/embed\/iTKBsu4v5zg?feature=oembed\" frameborder=\"0\" allow=\"accelerometer; autoplay; clipboard-write; encrypted-media; gyroscope; picture-in-picture; web-share\" referrerpolicy=\"strict-origin-when-cross-origin\" allowfullscreen><\/iframe><\/p>\n<p>&nbsp;<\/p>\n","protected":false},"excerpt":{"rendered":"<p>Dilluns vam fer la mostra de danses d&#8217;Educaci\u00f3 F\u00edsica davant les fam\u00edlies.<br \/>\nMireu, mireu quins Tabalets m\u00e9s ballarins! Ho van fer genial!!!<\/p>\n<p>&nbsp;<\/p>\n","protected":false},"author":25,"featured_media":2204,"comment_status":"closed","ping_status":"closed","sticky":false,"template":"","format":"standard","meta":{"_bbp_topic_count":0,"_bbp_reply_count":0,"_bbp_total_topic_count":0,"_bbp_total_reply_count":0,"_bbp_voice_count":0,"_bbp_anonymous_reply_count":0,"_bbp_topic_count_hidden":0,"_bbp_reply_count_hidden":0,"_bbp_forum_subforum_count":0,"footnotes":""},"categories":[3],"tags":[],"class_list":["post-2196","post","type-post","status-publish","format-standard","has-post-thumbnail","hentry","category-i3"],"post_mailing_queue_ids":[],"_links":{"self":[{"href":"https:\/\/agora.xtec.cat\/escolaprovencana\/wp-json\/wp\/v2\/posts\/2196","targetHints":{"allow":["GET"]}}],"collection":[{"href":"https:\/\/agora.xtec.cat\/escolaprovencana\/wp-json\/wp\/v2\/posts"}],"about":[{"href":"https:\/\/agora.xtec.cat\/escolaprovencana\/wp-json\/wp\/v2\/types\/post"}],"author":[{"embeddable":true,"href":"https:\/\/agora.xtec.cat\/escolaprovencana\/wp-json\/wp\/v2\/users\/25"}],"replies":[{"embeddable":true,"href":"https:\/\/agora.xtec.cat\/escolaprovencana\/wp-json\/wp\/v2\/comments?post=2196"}],"version-history":[{"count":3,"href":"https:\/\/agora.xtec.cat\/escolaprovencana\/wp-json\/wp\/v2\/posts\/2196\/revisions"}],"predecessor-version":[{"id":2206,"href":"https:\/\/agora.xtec.cat\/escolaprovencana\/wp-json\/wp\/v2\/posts\/2196\/revisions\/2206"}],"wp:featuredmedia":[{"embeddable":true,"href":"https:\/\/agora.xtec.cat\/escolaprovencana\/wp-json\/wp\/v2\/media\/2204"}],"wp:attachment":[{"href":"https:\/\/agora.xtec.cat\/escolaprovencana\/wp-json\/wp\/v2\/media?parent=2196"}],"wp:term":[{"taxonomy":"category","embeddable":true,"href":"https:\/\/agora.xtec.cat\/escolaprovencana\/wp-json\/wp\/v2\/categories?post=2196"},{"taxonomy":"post_tag","embeddable":true,"href":"https:\/\/agora.xtec.cat\/escolaprovencana\/wp-json\/wp\/v2\/tags?post=2196"}],"curies":[{"name":"wp","href":"https:\/\/api.w.org\/{rel}","templated":true}]}}