{"id":2186,"date":"2022-06-21T21:30:46","date_gmt":"2022-06-21T19:30:46","guid":{"rendered":"https:\/\/agora.xtec.cat\/escolaprovencana\/?p=2186"},"modified":"2022-06-21T21:30:46","modified_gmt":"2022-06-21T19:30:46","slug":"projecte-segon-trimestre-vida-submarina","status":"publish","type":"post","link":"https:\/\/agora.xtec.cat\/escolaprovencana\/primaria\/4t\/projecte-segon-trimestre-vida-submarina\/","title":{"rendered":"PROJECTE SEGON TRIMESTRE VIDA SUBMARINA"},"content":{"rendered":"<p>Hola, fam\u00edlies, aqu\u00ed us deixem el nostre proc\u00e9s del projecte del segon trimestre LA VIDA SUBMARINA.<\/p>\n<p>A m\u00e9s a m\u00e9s, vam crear el nostre propi llibre!<\/p>\n<p><iframe loading=\"lazy\" title=\"PROJECTE VIDA SUBMARINA 4T\" width=\"500\" height=\"375\" src=\"https:\/\/www.youtube.com\/embed\/L2FVRfgar08?feature=oembed\" frameborder=\"0\" allow=\"accelerometer; autoplay; clipboard-write; encrypted-media; gyroscope; picture-in-picture; web-share\" referrerpolicy=\"strict-origin-when-cross-origin\" allowfullscreen><\/iframe><\/p>\n","protected":false},"excerpt":{"rendered":"<p>Hola, fam\u00edlies, aqu\u00ed us deixem el nostre proc\u00e9s del projecte del segon trimestre LA VIDA SUBMARINA.<br \/>\nA m\u00e9s a m\u00e9s, vam crear el nostre propi llibre!<\/p>\n","protected":false},"author":1,"featured_media":2187,"comment_status":"closed","ping_status":"closed","sticky":false,"template":"","format":"standard","meta":{"_bbp_topic_count":0,"_bbp_reply_count":0,"_bbp_total_topic_count":0,"_bbp_total_reply_count":0,"_bbp_voice_count":0,"_bbp_anonymous_reply_count":0,"_bbp_topic_count_hidden":0,"_bbp_reply_count_hidden":0,"_bbp_forum_subforum_count":0,"footnotes":""},"categories":[13],"tags":[],"class_list":["post-2186","post","type-post","status-publish","format-standard","has-post-thumbnail","hentry","category-4t"],"post_mailing_queue_ids":[],"_links":{"self":[{"href":"https:\/\/agora.xtec.cat\/escolaprovencana\/wp-json\/wp\/v2\/posts\/2186","targetHints":{"allow":["GET"]}}],"collection":[{"href":"https:\/\/agora.xtec.cat\/escolaprovencana\/wp-json\/wp\/v2\/posts"}],"about":[{"href":"https:\/\/agora.xtec.cat\/escolaprovencana\/wp-json\/wp\/v2\/types\/post"}],"author":[{"embeddable":true,"href":"https:\/\/agora.xtec.cat\/escolaprovencana\/wp-json\/wp\/v2\/users\/1"}],"replies":[{"embeddable":true,"href":"https:\/\/agora.xtec.cat\/escolaprovencana\/wp-json\/wp\/v2\/comments?post=2186"}],"version-history":[{"count":1,"href":"https:\/\/agora.xtec.cat\/escolaprovencana\/wp-json\/wp\/v2\/posts\/2186\/revisions"}],"predecessor-version":[{"id":2188,"href":"https:\/\/agora.xtec.cat\/escolaprovencana\/wp-json\/wp\/v2\/posts\/2186\/revisions\/2188"}],"wp:featuredmedia":[{"embeddable":true,"href":"https:\/\/agora.xtec.cat\/escolaprovencana\/wp-json\/wp\/v2\/media\/2187"}],"wp:attachment":[{"href":"https:\/\/agora.xtec.cat\/escolaprovencana\/wp-json\/wp\/v2\/media?parent=2186"}],"wp:term":[{"taxonomy":"category","embeddable":true,"href":"https:\/\/agora.xtec.cat\/escolaprovencana\/wp-json\/wp\/v2\/categories?post=2186"},{"taxonomy":"post_tag","embeddable":true,"href":"https:\/\/agora.xtec.cat\/escolaprovencana\/wp-json\/wp\/v2\/tags?post=2186"}],"curies":[{"name":"wp","href":"https:\/\/api.w.org\/{rel}","templated":true}]}}