{"id":2181,"date":"2022-06-20T16:44:24","date_gmt":"2022-06-20T14:44:24","guid":{"rendered":"https:\/\/agora.xtec.cat\/escolaprovencana\/?p=2181"},"modified":"2022-06-21T10:07:29","modified_gmt":"2022-06-21T08:07:29","slug":"el-music-de-la-setmana-6","status":"publish","type":"post","link":"https:\/\/agora.xtec.cat\/escolaprovencana\/infantil\/i3\/el-music-de-la-setmana-6\/","title":{"rendered":"El m\u00fasic de la setmana"},"content":{"rendered":"<p>Voleu veure quins m\u00fasics de la setmana m\u00e9s fant\u00e0stics hem tingut aquest trimestre?<br \/>\nHo han fet tots genial i ens han portat instruments com pianos, flauta, timbal i can\u00e7ons molt divertides com baby shark dance o de musculoso a saludar de Luli Pamp\u00edn.<br \/>\n<a href=\"https:\/\/agora.xtec.cat\/escolaprovencana\/wp-content\/uploads\/usu2442\/2022\/06\/FB02286A-C1FF-4E69-8432-A3945A8203F7.png\"><img loading=\"lazy\" decoding=\"async\" src=\"https:\/\/agora.xtec.cat\/escolaprovencana\/wp-content\/uploads\/usu2442\/2022\/06\/FB02286A-C1FF-4E69-8432-A3945A8203F7-1024x726.png\" alt=\"\" width=\"1024\" height=\"726\" class=\"alignnone size-large wp-image-2184\" srcset=\"https:\/\/agora.xtec.cat\/escolaprovencana\/wp-content\/uploads\/usu2442\/2022\/06\/FB02286A-C1FF-4E69-8432-A3945A8203F7-1024x726.png 1024w, https:\/\/agora.xtec.cat\/escolaprovencana\/wp-content\/uploads\/usu2442\/2022\/06\/FB02286A-C1FF-4E69-8432-A3945A8203F7-300x213.png 300w, https:\/\/agora.xtec.cat\/escolaprovencana\/wp-content\/uploads\/usu2442\/2022\/06\/FB02286A-C1FF-4E69-8432-A3945A8203F7-768x545.png 768w, https:\/\/agora.xtec.cat\/escolaprovencana\/wp-content\/uploads\/usu2442\/2022\/06\/FB02286A-C1FF-4E69-8432-A3945A8203F7.png 1049w\" sizes=\"auto, (max-width: 1024px) 100vw, 1024px\" \/><\/a><\/p>\n","protected":false},"excerpt":{"rendered":"<p>Voleu veure quins m\u00fasics de la setmana m\u00e9s fant\u00e0stics hem tingut aquest trimestre?<br \/>\nHo han fet tots genial i ens han portat instruments com pianos, flauta, timbal i can\u00e7ons molt divertides com baby shark dance o de musculoso a saludar de Luli Pamp\u00edn.<br \/>\n<a href=\"https:\/\/agora.xtec.cat\/escolaprovencana\/wp-content\/uploads\/usu2442\/2022\/06\/FB02286A-C1FF-4E69-8432-A3945A8203F7.png\"><\/a><\/p>\n","protected":false},"author":16,"featured_media":2184,"comment_status":"closed","ping_status":"closed","sticky":false,"template":"","format":"standard","meta":{"_bbp_topic_count":0,"_bbp_reply_count":0,"_bbp_total_topic_count":0,"_bbp_total_reply_count":0,"_bbp_voice_count":0,"_bbp_anonymous_reply_count":0,"_bbp_topic_count_hidden":0,"_bbp_reply_count_hidden":0,"_bbp_forum_subforum_count":0,"footnotes":""},"categories":[3],"tags":[],"class_list":["post-2181","post","type-post","status-publish","format-standard","has-post-thumbnail","hentry","category-i3"],"post_mailing_queue_ids":[],"_links":{"self":[{"href":"https:\/\/agora.xtec.cat\/escolaprovencana\/wp-json\/wp\/v2\/posts\/2181","targetHints":{"allow":["GET"]}}],"collection":[{"href":"https:\/\/agora.xtec.cat\/escolaprovencana\/wp-json\/wp\/v2\/posts"}],"about":[{"href":"https:\/\/agora.xtec.cat\/escolaprovencana\/wp-json\/wp\/v2\/types\/post"}],"author":[{"embeddable":true,"href":"https:\/\/agora.xtec.cat\/escolaprovencana\/wp-json\/wp\/v2\/users\/16"}],"replies":[{"embeddable":true,"href":"https:\/\/agora.xtec.cat\/escolaprovencana\/wp-json\/wp\/v2\/comments?post=2181"}],"version-history":[{"count":2,"href":"https:\/\/agora.xtec.cat\/escolaprovencana\/wp-json\/wp\/v2\/posts\/2181\/revisions"}],"predecessor-version":[{"id":2185,"href":"https:\/\/agora.xtec.cat\/escolaprovencana\/wp-json\/wp\/v2\/posts\/2181\/revisions\/2185"}],"wp:featuredmedia":[{"embeddable":true,"href":"https:\/\/agora.xtec.cat\/escolaprovencana\/wp-json\/wp\/v2\/media\/2184"}],"wp:attachment":[{"href":"https:\/\/agora.xtec.cat\/escolaprovencana\/wp-json\/wp\/v2\/media?parent=2181"}],"wp:term":[{"taxonomy":"category","embeddable":true,"href":"https:\/\/agora.xtec.cat\/escolaprovencana\/wp-json\/wp\/v2\/categories?post=2181"},{"taxonomy":"post_tag","embeddable":true,"href":"https:\/\/agora.xtec.cat\/escolaprovencana\/wp-json\/wp\/v2\/tags?post=2181"}],"curies":[{"name":"wp","href":"https:\/\/api.w.org\/{rel}","templated":true}]}}