{"id":2178,"date":"2022-06-20T16:38:28","date_gmt":"2022-06-20T14:38:28","guid":{"rendered":"https:\/\/agora.xtec.cat\/escolaprovencana\/?p=2178"},"modified":"2022-06-20T16:38:37","modified_gmt":"2022-06-20T14:38:37","slug":"el-music-de-la-setmana-5","status":"publish","type":"post","link":"https:\/\/agora.xtec.cat\/escolaprovencana\/infantil\/i4\/el-music-de-la-setmana-5\/","title":{"rendered":"El m\u00fasic de la setmana"},"content":{"rendered":"<p>Un trimestre m\u00e9s que s&#8217;acaba i no volem perdre la oportunitat que veieu els super m\u00fasics de la setmana que hem tingut.<br \/>\nAquest cop hem experimentat amb l&#8217;ukelele i la can\u00e7\u00f3 de I see the light, les maraques, la guitarra el\u00e8ctrica i la can\u00e7\u00f3 de Su\u00e9ltalo, la flauta, la can\u00e7o de la papallona, la can\u00e7\u00f3 del bugui bugui, el pal de pluja i la carraca.<br \/>\nTots i totes ho han fet super b\u00e9. Visca!<br \/>\n<a href=\"https:\/\/agora.xtec.cat\/escolaprovencana\/wp-content\/uploads\/usu2442\/2022\/06\/F18E08F0-2F38-4480-893D-2F84EFB87BE9.png\"><img loading=\"lazy\" decoding=\"async\" src=\"https:\/\/agora.xtec.cat\/escolaprovencana\/wp-content\/uploads\/usu2442\/2022\/06\/F18E08F0-2F38-4480-893D-2F84EFB87BE9-1024x726.png\" alt=\"\" width=\"1024\" height=\"726\" class=\"alignnone size-large wp-image-2179\" srcset=\"https:\/\/agora.xtec.cat\/escolaprovencana\/wp-content\/uploads\/usu2442\/2022\/06\/F18E08F0-2F38-4480-893D-2F84EFB87BE9-1024x726.png 1024w, https:\/\/agora.xtec.cat\/escolaprovencana\/wp-content\/uploads\/usu2442\/2022\/06\/F18E08F0-2F38-4480-893D-2F84EFB87BE9-300x213.png 300w, https:\/\/agora.xtec.cat\/escolaprovencana\/wp-content\/uploads\/usu2442\/2022\/06\/F18E08F0-2F38-4480-893D-2F84EFB87BE9-768x545.png 768w, https:\/\/agora.xtec.cat\/escolaprovencana\/wp-content\/uploads\/usu2442\/2022\/06\/F18E08F0-2F38-4480-893D-2F84EFB87BE9.png 1224w\" sizes=\"auto, (max-width: 1024px) 100vw, 1024px\" \/><\/a><\/p>\n","protected":false},"excerpt":{"rendered":"<p>Un trimestre m\u00e9s que s&#8217;acaba i no volem perdre la oportunitat que veieu els super m\u00fasics de la setmana que hem tingut.<br \/>\nAquest cop hem experimentat amb l&#8217;ukelele i la can\u00e7\u00f3 de I see the light, les maraques, la guitarra el\u00e8ctrica i la can\u00e7\u00f3 de Su\u00e9ltalo,&hellip;  <a href=\"https:\/\/agora.xtec.cat\/escolaprovencana\/infantil\/i4\/el-music-de-la-setmana-5\/\" title=\"Read El m\u00fasic de la setmana\">Llegeix m\u00e9s\u00bb<\/a><\/p>\n","protected":false},"author":16,"featured_media":2179,"comment_status":"closed","ping_status":"closed","sticky":false,"template":"","format":"standard","meta":{"_bbp_topic_count":0,"_bbp_reply_count":0,"_bbp_total_topic_count":0,"_bbp_total_reply_count":0,"_bbp_voice_count":0,"_bbp_anonymous_reply_count":0,"_bbp_topic_count_hidden":0,"_bbp_reply_count_hidden":0,"_bbp_forum_subforum_count":0,"footnotes":""},"categories":[8],"tags":[],"class_list":["post-2178","post","type-post","status-publish","format-standard","has-post-thumbnail","hentry","category-i4"],"post_mailing_queue_ids":[],"_links":{"self":[{"href":"https:\/\/agora.xtec.cat\/escolaprovencana\/wp-json\/wp\/v2\/posts\/2178","targetHints":{"allow":["GET"]}}],"collection":[{"href":"https:\/\/agora.xtec.cat\/escolaprovencana\/wp-json\/wp\/v2\/posts"}],"about":[{"href":"https:\/\/agora.xtec.cat\/escolaprovencana\/wp-json\/wp\/v2\/types\/post"}],"author":[{"embeddable":true,"href":"https:\/\/agora.xtec.cat\/escolaprovencana\/wp-json\/wp\/v2\/users\/16"}],"replies":[{"embeddable":true,"href":"https:\/\/agora.xtec.cat\/escolaprovencana\/wp-json\/wp\/v2\/comments?post=2178"}],"version-history":[{"count":1,"href":"https:\/\/agora.xtec.cat\/escolaprovencana\/wp-json\/wp\/v2\/posts\/2178\/revisions"}],"predecessor-version":[{"id":2180,"href":"https:\/\/agora.xtec.cat\/escolaprovencana\/wp-json\/wp\/v2\/posts\/2178\/revisions\/2180"}],"wp:featuredmedia":[{"embeddable":true,"href":"https:\/\/agora.xtec.cat\/escolaprovencana\/wp-json\/wp\/v2\/media\/2179"}],"wp:attachment":[{"href":"https:\/\/agora.xtec.cat\/escolaprovencana\/wp-json\/wp\/v2\/media?parent=2178"}],"wp:term":[{"taxonomy":"category","embeddable":true,"href":"https:\/\/agora.xtec.cat\/escolaprovencana\/wp-json\/wp\/v2\/categories?post=2178"},{"taxonomy":"post_tag","embeddable":true,"href":"https:\/\/agora.xtec.cat\/escolaprovencana\/wp-json\/wp\/v2\/tags?post=2178"}],"curies":[{"name":"wp","href":"https:\/\/api.w.org\/{rel}","templated":true}]}}