{"id":2175,"date":"2022-06-20T16:31:52","date_gmt":"2022-06-20T14:31:52","guid":{"rendered":"https:\/\/agora.xtec.cat\/escolaprovencana\/?p=2175"},"modified":"2022-06-20T16:32:07","modified_gmt":"2022-06-20T14:32:07","slug":"el-music-de-la-setmana-4","status":"publish","type":"post","link":"https:\/\/agora.xtec.cat\/escolaprovencana\/infantil\/i5\/el-music-de-la-setmana-4\/","title":{"rendered":"El m\u00fasic de la setmana"},"content":{"rendered":"<p>Abans d&#8217;acabar el curs, des de m\u00fasica, tornem a presentar als nostres m\u00fasics de la setmana d&#8217;aquest \u00faltim trimestre.<br \/>\nAquest cop hem gaudit del timbal, de la pandereta, les maraques, la flauta, la carraca i el pal de pluja.<br \/>\nHa estat molt divertit i tots i totes ho han fet fant\u00e0stic!<\/p>\n<p><a href=\"https:\/\/agora.xtec.cat\/escolaprovencana\/wp-content\/uploads\/usu2442\/2022\/06\/30CADFC3-09A7-4CC5-8BE2-FF04FCF5C3FB.png\"><img loading=\"lazy\" decoding=\"async\" src=\"https:\/\/agora.xtec.cat\/escolaprovencana\/wp-content\/uploads\/usu2442\/2022\/06\/30CADFC3-09A7-4CC5-8BE2-FF04FCF5C3FB-1024x726.png\" alt=\"\" width=\"1024\" height=\"726\" class=\"alignnone size-large wp-image-2176\" srcset=\"https:\/\/agora.xtec.cat\/escolaprovencana\/wp-content\/uploads\/usu2442\/2022\/06\/30CADFC3-09A7-4CC5-8BE2-FF04FCF5C3FB-1024x726.png 1024w, https:\/\/agora.xtec.cat\/escolaprovencana\/wp-content\/uploads\/usu2442\/2022\/06\/30CADFC3-09A7-4CC5-8BE2-FF04FCF5C3FB-300x213.png 300w, https:\/\/agora.xtec.cat\/escolaprovencana\/wp-content\/uploads\/usu2442\/2022\/06\/30CADFC3-09A7-4CC5-8BE2-FF04FCF5C3FB-768x545.png 768w, https:\/\/agora.xtec.cat\/escolaprovencana\/wp-content\/uploads\/usu2442\/2022\/06\/30CADFC3-09A7-4CC5-8BE2-FF04FCF5C3FB.png 1224w\" sizes=\"auto, (max-width: 1024px) 100vw, 1024px\" \/><\/a><\/p>\n","protected":false},"excerpt":{"rendered":"<p>Abans d&#8217;acabar el curs, des de m\u00fasica, tornem a presentar als nostres m\u00fasics de la setmana d&#8217;aquest \u00faltim trimestre.<br \/>\nAquest cop hem gaudit del timbal, de la pandereta, les maraques, la flauta, la carraca i el pal de pluja.<br \/>\nHa estat molt divertit i tots i totes&hellip;  <a href=\"https:\/\/agora.xtec.cat\/escolaprovencana\/infantil\/i5\/el-music-de-la-setmana-4\/\" title=\"Read El m\u00fasic de la setmana\">Llegeix m\u00e9s\u00bb<\/a><\/p>\n","protected":false},"author":16,"featured_media":2176,"comment_status":"closed","ping_status":"closed","sticky":false,"template":"","format":"standard","meta":{"_bbp_topic_count":0,"_bbp_reply_count":0,"_bbp_total_topic_count":0,"_bbp_total_reply_count":0,"_bbp_voice_count":0,"_bbp_anonymous_reply_count":0,"_bbp_topic_count_hidden":0,"_bbp_reply_count_hidden":0,"_bbp_forum_subforum_count":0,"footnotes":""},"categories":[9],"tags":[],"class_list":["post-2175","post","type-post","status-publish","format-standard","has-post-thumbnail","hentry","category-i5"],"post_mailing_queue_ids":[],"_links":{"self":[{"href":"https:\/\/agora.xtec.cat\/escolaprovencana\/wp-json\/wp\/v2\/posts\/2175","targetHints":{"allow":["GET"]}}],"collection":[{"href":"https:\/\/agora.xtec.cat\/escolaprovencana\/wp-json\/wp\/v2\/posts"}],"about":[{"href":"https:\/\/agora.xtec.cat\/escolaprovencana\/wp-json\/wp\/v2\/types\/post"}],"author":[{"embeddable":true,"href":"https:\/\/agora.xtec.cat\/escolaprovencana\/wp-json\/wp\/v2\/users\/16"}],"replies":[{"embeddable":true,"href":"https:\/\/agora.xtec.cat\/escolaprovencana\/wp-json\/wp\/v2\/comments?post=2175"}],"version-history":[{"count":1,"href":"https:\/\/agora.xtec.cat\/escolaprovencana\/wp-json\/wp\/v2\/posts\/2175\/revisions"}],"predecessor-version":[{"id":2177,"href":"https:\/\/agora.xtec.cat\/escolaprovencana\/wp-json\/wp\/v2\/posts\/2175\/revisions\/2177"}],"wp:featuredmedia":[{"embeddable":true,"href":"https:\/\/agora.xtec.cat\/escolaprovencana\/wp-json\/wp\/v2\/media\/2176"}],"wp:attachment":[{"href":"https:\/\/agora.xtec.cat\/escolaprovencana\/wp-json\/wp\/v2\/media?parent=2175"}],"wp:term":[{"taxonomy":"category","embeddable":true,"href":"https:\/\/agora.xtec.cat\/escolaprovencana\/wp-json\/wp\/v2\/categories?post=2175"},{"taxonomy":"post_tag","embeddable":true,"href":"https:\/\/agora.xtec.cat\/escolaprovencana\/wp-json\/wp\/v2\/tags?post=2175"}],"curies":[{"name":"wp","href":"https:\/\/api.w.org\/{rel}","templated":true}]}}