{"id":2135,"date":"2022-06-19T19:47:47","date_gmt":"2022-06-19T17:47:47","guid":{"rendered":"https:\/\/agora.xtec.cat\/escolaprovencana\/?p=2135"},"modified":"2022-06-19T19:47:47","modified_gmt":"2022-06-19T17:47:47","slug":"graduacio-6e","status":"publish","type":"post","link":"https:\/\/agora.xtec.cat\/escolaprovencana\/primaria\/6e\/graduacio-6e\/","title":{"rendered":"GRADUACI\u00d3 6\u00e8"},"content":{"rendered":"<p>Dijous passat vam viure un dels moments m\u00e9s emotius del curs, la GRADUACI\u00d3 DELS NENS I NENES de 6\u00e8!!! Nervis, riures, il\u00b7lusi\u00f3, ll\u00e0grimes, records, agra\u00efments&#8230; Va ser una tarda m\u00e0gica compartida amb familiars, equip directiu, antics i actuals mestres, monitors\/es i AFA. Gr\u00e0cies per fer-ho possible.<\/p>\n<p>MOLTES FELICITATS ALUMNES DE 6\u00c8!!!<\/p>\n<p><a href=\"https:\/\/agora.xtec.cat\/escolaprovencana\/wp-content\/uploads\/usu2442\/2022\/06\/a485e1a8-af2a-4f30-a37a-91edb7d86f88.jpg\"><img loading=\"lazy\" decoding=\"async\" class=\"alignnone size-large wp-image-2137\" src=\"https:\/\/agora.xtec.cat\/escolaprovencana\/wp-content\/uploads\/usu2442\/2022\/06\/a485e1a8-af2a-4f30-a37a-91edb7d86f88-1024x768.jpg\" alt=\"\" width=\"1024\" height=\"768\" srcset=\"https:\/\/agora.xtec.cat\/escolaprovencana\/wp-content\/uploads\/usu2442\/2022\/06\/a485e1a8-af2a-4f30-a37a-91edb7d86f88-1024x768.jpg 1024w, https:\/\/agora.xtec.cat\/escolaprovencana\/wp-content\/uploads\/usu2442\/2022\/06\/a485e1a8-af2a-4f30-a37a-91edb7d86f88-300x225.jpg 300w, https:\/\/agora.xtec.cat\/escolaprovencana\/wp-content\/uploads\/usu2442\/2022\/06\/a485e1a8-af2a-4f30-a37a-91edb7d86f88-768x576.jpg 768w, https:\/\/agora.xtec.cat\/escolaprovencana\/wp-content\/uploads\/usu2442\/2022\/06\/a485e1a8-af2a-4f30-a37a-91edb7d86f88-1536x1152.jpg 1536w, https:\/\/agora.xtec.cat\/escolaprovencana\/wp-content\/uploads\/usu2442\/2022\/06\/a485e1a8-af2a-4f30-a37a-91edb7d86f88-200x150.jpg 200w, https:\/\/agora.xtec.cat\/escolaprovencana\/wp-content\/uploads\/usu2442\/2022\/06\/a485e1a8-af2a-4f30-a37a-91edb7d86f88.jpg 2048w\" sizes=\"auto, (max-width: 1024px) 100vw, 1024px\" \/><\/a><\/p>\n","protected":false},"excerpt":{"rendered":"<p>Dijous passat vam viure un dels moments m\u00e9s emotius del curs, la GRADUACI\u00d3 DELS NENS I NENES de 6\u00e8!!! Nervis, riures, il\u00b7lusi\u00f3, ll\u00e0grimes, records, agra\u00efments&#8230; Va ser una tarda m\u00e0gica compartida amb familiars, equip directiu, antics i actuals mestres, monitors\/es i AFA. Gr\u00e0cies per fer-ho&hellip;  <a href=\"https:\/\/agora.xtec.cat\/escolaprovencana\/primaria\/6e\/graduacio-6e\/\" title=\"Read GRADUACI\u00d3 6\u00e8\">Llegeix m\u00e9s\u00bb<\/a><\/p>\n","protected":false},"author":25,"featured_media":2137,"comment_status":"closed","ping_status":"closed","sticky":false,"template":"","format":"standard","meta":{"_bbp_topic_count":0,"_bbp_reply_count":0,"_bbp_total_topic_count":0,"_bbp_total_reply_count":0,"_bbp_voice_count":0,"_bbp_anonymous_reply_count":0,"_bbp_topic_count_hidden":0,"_bbp_reply_count_hidden":0,"_bbp_forum_subforum_count":0,"footnotes":""},"categories":[15],"tags":[],"class_list":["post-2135","post","type-post","status-publish","format-standard","has-post-thumbnail","hentry","category-6e"],"post_mailing_queue_ids":[],"_links":{"self":[{"href":"https:\/\/agora.xtec.cat\/escolaprovencana\/wp-json\/wp\/v2\/posts\/2135","targetHints":{"allow":["GET"]}}],"collection":[{"href":"https:\/\/agora.xtec.cat\/escolaprovencana\/wp-json\/wp\/v2\/posts"}],"about":[{"href":"https:\/\/agora.xtec.cat\/escolaprovencana\/wp-json\/wp\/v2\/types\/post"}],"author":[{"embeddable":true,"href":"https:\/\/agora.xtec.cat\/escolaprovencana\/wp-json\/wp\/v2\/users\/25"}],"replies":[{"embeddable":true,"href":"https:\/\/agora.xtec.cat\/escolaprovencana\/wp-json\/wp\/v2\/comments?post=2135"}],"version-history":[{"count":2,"href":"https:\/\/agora.xtec.cat\/escolaprovencana\/wp-json\/wp\/v2\/posts\/2135\/revisions"}],"predecessor-version":[{"id":2139,"href":"https:\/\/agora.xtec.cat\/escolaprovencana\/wp-json\/wp\/v2\/posts\/2135\/revisions\/2139"}],"wp:featuredmedia":[{"embeddable":true,"href":"https:\/\/agora.xtec.cat\/escolaprovencana\/wp-json\/wp\/v2\/media\/2137"}],"wp:attachment":[{"href":"https:\/\/agora.xtec.cat\/escolaprovencana\/wp-json\/wp\/v2\/media?parent=2135"}],"wp:term":[{"taxonomy":"category","embeddable":true,"href":"https:\/\/agora.xtec.cat\/escolaprovencana\/wp-json\/wp\/v2\/categories?post=2135"},{"taxonomy":"post_tag","embeddable":true,"href":"https:\/\/agora.xtec.cat\/escolaprovencana\/wp-json\/wp\/v2\/tags?post=2135"}],"curies":[{"name":"wp","href":"https:\/\/api.w.org\/{rel}","templated":true}]}}