{"id":2118,"date":"2022-06-16T18:41:10","date_gmt":"2022-06-16T16:41:10","guid":{"rendered":"https:\/\/agora.xtec.cat\/escolaprovencana\/?p=2118"},"modified":"2022-06-16T18:41:10","modified_gmt":"2022-06-16T16:41:10","slug":"sortida-vilanova-i-la-geltru","status":"publish","type":"post","link":"https:\/\/agora.xtec.cat\/escolaprovencana\/primaria\/4t\/sortida-vilanova-i-la-geltru\/","title":{"rendered":"Sortida Vilanova i la Geltr\u00fa"},"content":{"rendered":"<p>El passat 26 de maig la classe de 4t va marxar d&#8217;excursi\u00f3 a Vilanova i la Geltr\u00fa al centre d&#8217;activitats <span class=\"hiddenSpellError\">RocRoi<\/span>.<br \/>\nEns ho vam passar d&#8217;all\u00f2 m\u00e9s b\u00e9!<\/p>\n<p>Aqu\u00ed us deixem un recull de fotos per veure tota la nostra aventura!!!!<\/p>\n<p><iframe loading=\"lazy\" title=\"SORTIDA VILANOVA I LA GELTR\u00da 4T\" width=\"500\" height=\"375\" src=\"https:\/\/www.youtube.com\/embed\/9sUc8C7GESA?feature=oembed\" frameborder=\"0\" allow=\"accelerometer; autoplay; clipboard-write; encrypted-media; gyroscope; picture-in-picture; web-share\" referrerpolicy=\"strict-origin-when-cross-origin\" allowfullscreen><\/iframe><\/p>\n","protected":false},"excerpt":{"rendered":"<p>El passat 26 de maig la classe de 4t va marxar d&#8217;excursi\u00f3 a Vilanova i la Geltr\u00fa al centre d&#8217;activitats RocRoi.<br \/>\nEns ho vam passar d&#8217;all\u00f2 m\u00e9s b\u00e9!<br \/>\nAqu\u00ed us deixem un recull de fotos per veure tota la nostra aventura!!!!<\/p>\n","protected":false},"author":1,"featured_media":2120,"comment_status":"closed","ping_status":"closed","sticky":false,"template":"","format":"standard","meta":{"_bbp_topic_count":0,"_bbp_reply_count":0,"_bbp_total_topic_count":0,"_bbp_total_reply_count":0,"_bbp_voice_count":0,"_bbp_anonymous_reply_count":0,"_bbp_topic_count_hidden":0,"_bbp_reply_count_hidden":0,"_bbp_forum_subforum_count":0,"footnotes":""},"categories":[13],"tags":[],"class_list":["post-2118","post","type-post","status-publish","format-standard","has-post-thumbnail","hentry","category-4t"],"post_mailing_queue_ids":[],"_links":{"self":[{"href":"https:\/\/agora.xtec.cat\/escolaprovencana\/wp-json\/wp\/v2\/posts\/2118","targetHints":{"allow":["GET"]}}],"collection":[{"href":"https:\/\/agora.xtec.cat\/escolaprovencana\/wp-json\/wp\/v2\/posts"}],"about":[{"href":"https:\/\/agora.xtec.cat\/escolaprovencana\/wp-json\/wp\/v2\/types\/post"}],"author":[{"embeddable":true,"href":"https:\/\/agora.xtec.cat\/escolaprovencana\/wp-json\/wp\/v2\/users\/1"}],"replies":[{"embeddable":true,"href":"https:\/\/agora.xtec.cat\/escolaprovencana\/wp-json\/wp\/v2\/comments?post=2118"}],"version-history":[{"count":2,"href":"https:\/\/agora.xtec.cat\/escolaprovencana\/wp-json\/wp\/v2\/posts\/2118\/revisions"}],"predecessor-version":[{"id":2121,"href":"https:\/\/agora.xtec.cat\/escolaprovencana\/wp-json\/wp\/v2\/posts\/2118\/revisions\/2121"}],"wp:featuredmedia":[{"embeddable":true,"href":"https:\/\/agora.xtec.cat\/escolaprovencana\/wp-json\/wp\/v2\/media\/2120"}],"wp:attachment":[{"href":"https:\/\/agora.xtec.cat\/escolaprovencana\/wp-json\/wp\/v2\/media?parent=2118"}],"wp:term":[{"taxonomy":"category","embeddable":true,"href":"https:\/\/agora.xtec.cat\/escolaprovencana\/wp-json\/wp\/v2\/categories?post=2118"},{"taxonomy":"post_tag","embeddable":true,"href":"https:\/\/agora.xtec.cat\/escolaprovencana\/wp-json\/wp\/v2\/tags?post=2118"}],"curies":[{"name":"wp","href":"https:\/\/api.w.org\/{rel}","templated":true}]}}