{"id":2018,"date":"2022-05-13T15:51:51","date_gmt":"2022-05-13T13:51:51","guid":{"rendered":"https:\/\/agora.xtec.cat\/escolaprovencana\/?p=2018"},"modified":"2022-05-13T15:51:51","modified_gmt":"2022-05-13T13:51:51","slug":"hi-ha-5-ampolles","status":"publish","type":"post","link":"https:\/\/agora.xtec.cat\/escolaprovencana\/infantil\/i4\/hi-ha-5-ampolles\/","title":{"rendered":"Hi ha 5 ampolles"},"content":{"rendered":"<p>Per treballar el n\u00famero 5 ho hem fet cantant la can\u00e7\u00f3 de les 5 ampolles.<br \/>\nPrimer ho hem representat amb el nostre cos i despr\u00e9s amb 5 ampolles.<br \/>\nHo hem passat mol b\u00e9!<br \/>\nHI HA 5 AMPOLLES<\/p>\n<p>Hi ha cinc ampolles a dalt de la paret<br \/>\nhi ha cinc ampolles a dalt de la paret<br \/>\nper\u00f2 si una ampolla caigu\u00e9s per mala sort<br \/>\nqueden quatre ampolles a dalt de la paret.<\/p>\n<p>Hi ha quatre ampolles a dalt de la paret<br \/>\nhi ha quatre ampolles a dalt de la paret<br \/>\nper\u00f2 si una ampolla caigu\u00e9s per mala sort<br \/>\nqueden tres ampolles a dalt de la paret.<\/p>\n<p>Hi ha tres ampolles a dalt de la paret<br \/>\nhi ha tres ampolles a dalt de la paret<br \/>\nper\u00f2 si una ampolla caigu\u00e9s per mala sort<br \/>\nqueden dues ampolles a dalt de la paret.<\/p>\n<p>Hi ha dues ampolles a dalt de la paret<br \/>\nhi ha dues ampolles a dalt de la paret<br \/>\nper\u00f2 si una ampolla caigu\u00e9s per mala sort<br \/>\nqueda una ampolla a dalt de la paret.<\/p>\n<p>Hi ha una ampolla a dalt de la paret<br \/>\nhi ha una ampolla a dalt de la paret<br \/>\nper\u00f2 si una ampolla caigu\u00e9s per mala sort<br \/>\nno queda cap ampolla a dalt de la paret.<\/p>\n<p><iframe loading=\"lazy\" src=\"https:\/\/player.vimeo.com\/video\/709526144?h=6ab65b76fc\" width=\"640\" height=\"564\" frameborder=\"0\"><\/iframe><\/p>\n","protected":false},"excerpt":{"rendered":"<p>Per treballar el n\u00famero 5 ho hem fet cantant la can\u00e7\u00f3 de les 5 ampolles.<br \/>\nPrimer ho hem representat amb el nostre cos i despr\u00e9s amb 5 ampolles.<br \/>\nHo hem passat mol b\u00e9!<br \/>\nHI HA 5 AMPOLLES<br \/>\nHi ha cinc ampolles a dalt de la paret<br \/>\nhi ha cinc ampolles&hellip;  <a href=\"https:\/\/agora.xtec.cat\/escolaprovencana\/infantil\/i4\/hi-ha-5-ampolles\/\" title=\"Read Hi ha 5 ampolles\">Llegeix m\u00e9s\u00bb<\/a><\/p>\n","protected":false},"author":16,"featured_media":2019,"comment_status":"closed","ping_status":"closed","sticky":false,"template":"","format":"standard","meta":{"_bbp_topic_count":0,"_bbp_reply_count":0,"_bbp_total_topic_count":0,"_bbp_total_reply_count":0,"_bbp_voice_count":0,"_bbp_anonymous_reply_count":0,"_bbp_topic_count_hidden":0,"_bbp_reply_count_hidden":0,"_bbp_forum_subforum_count":0,"footnotes":""},"categories":[8],"tags":[],"class_list":["post-2018","post","type-post","status-publish","format-standard","has-post-thumbnail","hentry","category-i4"],"post_mailing_queue_ids":[],"_links":{"self":[{"href":"https:\/\/agora.xtec.cat\/escolaprovencana\/wp-json\/wp\/v2\/posts\/2018","targetHints":{"allow":["GET"]}}],"collection":[{"href":"https:\/\/agora.xtec.cat\/escolaprovencana\/wp-json\/wp\/v2\/posts"}],"about":[{"href":"https:\/\/agora.xtec.cat\/escolaprovencana\/wp-json\/wp\/v2\/types\/post"}],"author":[{"embeddable":true,"href":"https:\/\/agora.xtec.cat\/escolaprovencana\/wp-json\/wp\/v2\/users\/16"}],"replies":[{"embeddable":true,"href":"https:\/\/agora.xtec.cat\/escolaprovencana\/wp-json\/wp\/v2\/comments?post=2018"}],"version-history":[{"count":1,"href":"https:\/\/agora.xtec.cat\/escolaprovencana\/wp-json\/wp\/v2\/posts\/2018\/revisions"}],"predecessor-version":[{"id":2020,"href":"https:\/\/agora.xtec.cat\/escolaprovencana\/wp-json\/wp\/v2\/posts\/2018\/revisions\/2020"}],"wp:featuredmedia":[{"embeddable":true,"href":"https:\/\/agora.xtec.cat\/escolaprovencana\/wp-json\/wp\/v2\/media\/2019"}],"wp:attachment":[{"href":"https:\/\/agora.xtec.cat\/escolaprovencana\/wp-json\/wp\/v2\/media?parent=2018"}],"wp:term":[{"taxonomy":"category","embeddable":true,"href":"https:\/\/agora.xtec.cat\/escolaprovencana\/wp-json\/wp\/v2\/categories?post=2018"},{"taxonomy":"post_tag","embeddable":true,"href":"https:\/\/agora.xtec.cat\/escolaprovencana\/wp-json\/wp\/v2\/tags?post=2018"}],"curies":[{"name":"wp","href":"https:\/\/api.w.org\/{rel}","templated":true}]}}