{"id":1937,"date":"2022-04-29T11:42:02","date_gmt":"2022-04-29T09:42:02","guid":{"rendered":"https:\/\/agora.xtec.cat\/escolaprovencana\/?p=1937"},"modified":"2023-01-24T10:14:37","modified_gmt":"2023-01-24T09:14:37","slug":"la-veu-del-provencana","status":"publish","type":"post","link":"https:\/\/agora.xtec.cat\/escolaprovencana\/general\/la-veu-del-provencana\/","title":{"rendered":"La Veu del Proven\u00e7ana"},"content":{"rendered":"<p>Compartim amb vosaltres la segona edici\u00f3 de la revista digital de &#8220;La Veu del Proven\u00e7ana&#8221;. Desitgem que gaudiu molt de la lectura!<\/p>\n<p><a href=\"https:\/\/drive.google.com\/file\/d\/1waYVIcQ7IeovLw2pG_7uoP1OlKIP7ySd\/view?usp=sharing\" target=\"_blank\" rel=\"noopener\"><img loading=\"lazy\" decoding=\"async\" class=\"aligncenter wp-image-1938 size-medium\" src=\"https:\/\/agora.xtec.cat\/escolaprovencana\/wp-content\/uploads\/usu2442\/2022\/04\/La-Veu-del-Provencana-abril-2022-1-212x300.png\" alt=\"\" width=\"212\" height=\"300\" srcset=\"https:\/\/agora.xtec.cat\/escolaprovencana\/wp-content\/uploads\/usu2442\/2022\/04\/La-Veu-del-Provencana-abril-2022-1-212x300.png 212w, https:\/\/agora.xtec.cat\/escolaprovencana\/wp-content\/uploads\/usu2442\/2022\/04\/La-Veu-del-Provencana-abril-2022-1.png 707w\" sizes=\"auto, (max-width: 212px) 100vw, 212px\" \/><\/a><\/p>\n","protected":false},"excerpt":{"rendered":"<p>Compartim amb vosaltres la segona edici\u00f3 de la revista digital de &#8220;La Veu del Proven\u00e7ana&#8221;. Desitgem que gaudiu molt de la lectura!<br \/>\n<a href=\"https:\/\/drive.google.com\/file\/d\/1waYVIcQ7IeovLw2pG_7uoP1OlKIP7ySd\/view?usp=sharing\" target=\"_blank\" rel=\"noopener\"><\/a><\/p>\n","protected":false},"author":1,"featured_media":0,"comment_status":"closed","ping_status":"closed","sticky":false,"template":"","format":"standard","meta":{"_bbp_topic_count":0,"_bbp_reply_count":0,"_bbp_total_topic_count":0,"_bbp_total_reply_count":0,"_bbp_voice_count":0,"_bbp_anonymous_reply_count":0,"_bbp_topic_count_hidden":0,"_bbp_reply_count_hidden":0,"_bbp_forum_subforum_count":0,"footnotes":""},"categories":[1,64,4],"tags":[],"class_list":["post-1937","post","type-post","status-publish","format-standard","hentry","category-general","category-inici","category-portada"],"post_mailing_queue_ids":[],"_links":{"self":[{"href":"https:\/\/agora.xtec.cat\/escolaprovencana\/wp-json\/wp\/v2\/posts\/1937","targetHints":{"allow":["GET"]}}],"collection":[{"href":"https:\/\/agora.xtec.cat\/escolaprovencana\/wp-json\/wp\/v2\/posts"}],"about":[{"href":"https:\/\/agora.xtec.cat\/escolaprovencana\/wp-json\/wp\/v2\/types\/post"}],"author":[{"embeddable":true,"href":"https:\/\/agora.xtec.cat\/escolaprovencana\/wp-json\/wp\/v2\/users\/1"}],"replies":[{"embeddable":true,"href":"https:\/\/agora.xtec.cat\/escolaprovencana\/wp-json\/wp\/v2\/comments?post=1937"}],"version-history":[{"count":3,"href":"https:\/\/agora.xtec.cat\/escolaprovencana\/wp-json\/wp\/v2\/posts\/1937\/revisions"}],"predecessor-version":[{"id":2645,"href":"https:\/\/agora.xtec.cat\/escolaprovencana\/wp-json\/wp\/v2\/posts\/1937\/revisions\/2645"}],"wp:attachment":[{"href":"https:\/\/agora.xtec.cat\/escolaprovencana\/wp-json\/wp\/v2\/media?parent=1937"}],"wp:term":[{"taxonomy":"category","embeddable":true,"href":"https:\/\/agora.xtec.cat\/escolaprovencana\/wp-json\/wp\/v2\/categories?post=1937"},{"taxonomy":"post_tag","embeddable":true,"href":"https:\/\/agora.xtec.cat\/escolaprovencana\/wp-json\/wp\/v2\/tags?post=1937"}],"curies":[{"name":"wp","href":"https:\/\/api.w.org\/{rel}","templated":true}]}}