{"id":1879,"date":"2022-04-07T13:23:42","date_gmt":"2022-04-07T11:23:42","guid":{"rendered":"https:\/\/agora.xtec.cat\/escolaprovencana\/?p=1879"},"modified":"2022-04-07T13:24:40","modified_gmt":"2022-04-07T11:24:40","slug":"el-music-de-la-setmana-3","status":"publish","type":"post","link":"https:\/\/agora.xtec.cat\/escolaprovencana\/infantil\/i5\/el-music-de-la-setmana-3\/","title":{"rendered":"El m\u00fasic de la setmana"},"content":{"rendered":"<p>Durant aquest segon trimestre hem seguit disfrutant dels i de les m\u00fasics de la setmana. Aquest cop hem pogut gaudir d&#8217;instruments com tambors, xil\u00f2fons, una caixa xinesa, una flauta, un piano i dos micr\u00f2fons que ens han perm\u00e8s aprofitar l&#8217;instrument m\u00e9s potent que tenim: la nostra veu. A part, tamb\u00e9 hem pogut escoltar can\u00e7ons molt divertides com estrellita d\u00f3nde est\u00e1s o yo toco la guitarra i una super exposici\u00f3 sobre el tambor amb la que hem apr\u00e8s molt\u00edssimes coses sobre aquest instrument.<br \/>\nEns ho hem passat molt b\u00e9 i esperem que el trimestre vinent els nous m\u00fasics de la setmana ens segueixin sorprenent com fins ara!<br \/>\n<a href=\"https:\/\/agora.xtec.cat\/escolaprovencana\/wp-content\/uploads\/usu2442\/2022\/04\/Copia-de-Copia-de-El-music-de-la-setmana-1.jpg\"><img loading=\"lazy\" decoding=\"async\" src=\"https:\/\/agora.xtec.cat\/escolaprovencana\/wp-content\/uploads\/usu2442\/2022\/04\/Copia-de-Copia-de-El-music-de-la-setmana-1-1024x726.jpg\" alt=\"\" width=\"1024\" height=\"726\" class=\"alignnone size-large wp-image-1880\" srcset=\"https:\/\/agora.xtec.cat\/escolaprovencana\/wp-content\/uploads\/usu2442\/2022\/04\/Copia-de-Copia-de-El-music-de-la-setmana-1-1024x726.jpg 1024w, https:\/\/agora.xtec.cat\/escolaprovencana\/wp-content\/uploads\/usu2442\/2022\/04\/Copia-de-Copia-de-El-music-de-la-setmana-1-300x213.jpg 300w, https:\/\/agora.xtec.cat\/escolaprovencana\/wp-content\/uploads\/usu2442\/2022\/04\/Copia-de-Copia-de-El-music-de-la-setmana-1-768x545.jpg 768w, https:\/\/agora.xtec.cat\/escolaprovencana\/wp-content\/uploads\/usu2442\/2022\/04\/Copia-de-Copia-de-El-music-de-la-setmana-1-1536x1090.jpg 1536w, https:\/\/agora.xtec.cat\/escolaprovencana\/wp-content\/uploads\/usu2442\/2022\/04\/Copia-de-Copia-de-El-music-de-la-setmana-1.jpg 1748w\" sizes=\"auto, (max-width: 1024px) 100vw, 1024px\" \/><\/a><\/p>\n","protected":false},"excerpt":{"rendered":"<p>Durant aquest segon trimestre hem seguit disfrutant dels i de les m\u00fasics de la setmana. Aquest cop hem pogut gaudir d&#8217;instruments com tambors, xil\u00f2fons, una caixa xinesa, una flauta, un piano i dos micr\u00f2fons que ens han perm\u00e8s aprofitar l&#8217;instrument m\u00e9s potent que tenim: la&hellip;  <a href=\"https:\/\/agora.xtec.cat\/escolaprovencana\/infantil\/i5\/el-music-de-la-setmana-3\/\" title=\"Read El m\u00fasic de la setmana\">Llegeix m\u00e9s\u00bb<\/a><\/p>\n","protected":false},"author":16,"featured_media":1880,"comment_status":"closed","ping_status":"closed","sticky":false,"template":"","format":"standard","meta":{"_bbp_topic_count":0,"_bbp_reply_count":0,"_bbp_total_topic_count":0,"_bbp_total_reply_count":0,"_bbp_voice_count":0,"_bbp_anonymous_reply_count":0,"_bbp_topic_count_hidden":0,"_bbp_reply_count_hidden":0,"_bbp_forum_subforum_count":0,"footnotes":""},"categories":[9],"tags":[],"class_list":["post-1879","post","type-post","status-publish","format-standard","has-post-thumbnail","hentry","category-i5"],"post_mailing_queue_ids":[],"_links":{"self":[{"href":"https:\/\/agora.xtec.cat\/escolaprovencana\/wp-json\/wp\/v2\/posts\/1879","targetHints":{"allow":["GET"]}}],"collection":[{"href":"https:\/\/agora.xtec.cat\/escolaprovencana\/wp-json\/wp\/v2\/posts"}],"about":[{"href":"https:\/\/agora.xtec.cat\/escolaprovencana\/wp-json\/wp\/v2\/types\/post"}],"author":[{"embeddable":true,"href":"https:\/\/agora.xtec.cat\/escolaprovencana\/wp-json\/wp\/v2\/users\/16"}],"replies":[{"embeddable":true,"href":"https:\/\/agora.xtec.cat\/escolaprovencana\/wp-json\/wp\/v2\/comments?post=1879"}],"version-history":[{"count":1,"href":"https:\/\/agora.xtec.cat\/escolaprovencana\/wp-json\/wp\/v2\/posts\/1879\/revisions"}],"predecessor-version":[{"id":1881,"href":"https:\/\/agora.xtec.cat\/escolaprovencana\/wp-json\/wp\/v2\/posts\/1879\/revisions\/1881"}],"wp:featuredmedia":[{"embeddable":true,"href":"https:\/\/agora.xtec.cat\/escolaprovencana\/wp-json\/wp\/v2\/media\/1880"}],"wp:attachment":[{"href":"https:\/\/agora.xtec.cat\/escolaprovencana\/wp-json\/wp\/v2\/media?parent=1879"}],"wp:term":[{"taxonomy":"category","embeddable":true,"href":"https:\/\/agora.xtec.cat\/escolaprovencana\/wp-json\/wp\/v2\/categories?post=1879"},{"taxonomy":"post_tag","embeddable":true,"href":"https:\/\/agora.xtec.cat\/escolaprovencana\/wp-json\/wp\/v2\/tags?post=1879"}],"curies":[{"name":"wp","href":"https:\/\/api.w.org\/{rel}","templated":true}]}}