{"id":1873,"date":"2022-04-07T13:17:39","date_gmt":"2022-04-07T11:17:39","guid":{"rendered":"https:\/\/agora.xtec.cat\/escolaprovencana\/?p=1873"},"modified":"2022-04-07T13:18:20","modified_gmt":"2022-04-07T11:18:20","slug":"el-music-de-la-setmana-2","status":"publish","type":"post","link":"https:\/\/agora.xtec.cat\/escolaprovencana\/infantil\/i4\/el-music-de-la-setmana-2\/","title":{"rendered":"El m\u00fasic de la setmana"},"content":{"rendered":"<p>Durant aquest segon trimestre hem seguit disfrutant dels i de les m\u00fasics de la setmana. Aquest cop hem pogut gaudir d&#8217;instruments com les maraques, pianos, harm\u00f2niques, una flauta, uns cascavells, una guitarra espa\u00f1ola i can\u00e7ons ben divertides com la cucaracha, no se habla de Bruno, a sky full of stars i Mahna mahna.<br \/>\nEns ho hem passat molt b\u00e9 i esperem que el trimestre vinent els nous m\u00fasics de la setmana ens segueixin sorprenent com fins ara!<\/p>\n<p><a href=\"https:\/\/agora.xtec.cat\/escolaprovencana\/wp-content\/uploads\/usu2442\/2022\/04\/Copia-de-El-music-de-la-setmana.jpg\"><img loading=\"lazy\" decoding=\"async\" src=\"https:\/\/agora.xtec.cat\/escolaprovencana\/wp-content\/uploads\/usu2442\/2022\/04\/Copia-de-El-music-de-la-setmana.jpg\" alt=\"\" width=\"874\" height=\"620\" class=\"alignnone size-full wp-image-1874\" srcset=\"https:\/\/agora.xtec.cat\/escolaprovencana\/wp-content\/uploads\/usu2442\/2022\/04\/Copia-de-El-music-de-la-setmana.jpg 874w, https:\/\/agora.xtec.cat\/escolaprovencana\/wp-content\/uploads\/usu2442\/2022\/04\/Copia-de-El-music-de-la-setmana-300x213.jpg 300w, https:\/\/agora.xtec.cat\/escolaprovencana\/wp-content\/uploads\/usu2442\/2022\/04\/Copia-de-El-music-de-la-setmana-768x545.jpg 768w\" sizes=\"auto, (max-width: 874px) 100vw, 874px\" \/><\/a><\/p>\n","protected":false},"excerpt":{"rendered":"<p>Durant aquest segon trimestre hem seguit disfrutant dels i de les m\u00fasics de la setmana. Aquest cop hem pogut gaudir d&#8217;instruments com les maraques, pianos, harm\u00f2niques, una flauta, uns cascavells, una guitarra espa\u00f1ola i can\u00e7ons ben divertides com la cucaracha, no se habla de Bruno,&hellip;  <a href=\"https:\/\/agora.xtec.cat\/escolaprovencana\/infantil\/i4\/el-music-de-la-setmana-2\/\" title=\"Read El m\u00fasic de la setmana\">Llegeix m\u00e9s\u00bb<\/a><\/p>\n","protected":false},"author":16,"featured_media":1874,"comment_status":"closed","ping_status":"closed","sticky":false,"template":"","format":"standard","meta":{"_bbp_topic_count":0,"_bbp_reply_count":0,"_bbp_total_topic_count":0,"_bbp_total_reply_count":0,"_bbp_voice_count":0,"_bbp_anonymous_reply_count":0,"_bbp_topic_count_hidden":0,"_bbp_reply_count_hidden":0,"_bbp_forum_subforum_count":0,"footnotes":""},"categories":[8],"tags":[],"class_list":["post-1873","post","type-post","status-publish","format-standard","has-post-thumbnail","hentry","category-i4"],"post_mailing_queue_ids":[],"_links":{"self":[{"href":"https:\/\/agora.xtec.cat\/escolaprovencana\/wp-json\/wp\/v2\/posts\/1873","targetHints":{"allow":["GET"]}}],"collection":[{"href":"https:\/\/agora.xtec.cat\/escolaprovencana\/wp-json\/wp\/v2\/posts"}],"about":[{"href":"https:\/\/agora.xtec.cat\/escolaprovencana\/wp-json\/wp\/v2\/types\/post"}],"author":[{"embeddable":true,"href":"https:\/\/agora.xtec.cat\/escolaprovencana\/wp-json\/wp\/v2\/users\/16"}],"replies":[{"embeddable":true,"href":"https:\/\/agora.xtec.cat\/escolaprovencana\/wp-json\/wp\/v2\/comments?post=1873"}],"version-history":[{"count":3,"href":"https:\/\/agora.xtec.cat\/escolaprovencana\/wp-json\/wp\/v2\/posts\/1873\/revisions"}],"predecessor-version":[{"id":1877,"href":"https:\/\/agora.xtec.cat\/escolaprovencana\/wp-json\/wp\/v2\/posts\/1873\/revisions\/1877"}],"wp:featuredmedia":[{"embeddable":true,"href":"https:\/\/agora.xtec.cat\/escolaprovencana\/wp-json\/wp\/v2\/media\/1874"}],"wp:attachment":[{"href":"https:\/\/agora.xtec.cat\/escolaprovencana\/wp-json\/wp\/v2\/media?parent=1873"}],"wp:term":[{"taxonomy":"category","embeddable":true,"href":"https:\/\/agora.xtec.cat\/escolaprovencana\/wp-json\/wp\/v2\/categories?post=1873"},{"taxonomy":"post_tag","embeddable":true,"href":"https:\/\/agora.xtec.cat\/escolaprovencana\/wp-json\/wp\/v2\/tags?post=1873"}],"curies":[{"name":"wp","href":"https:\/\/api.w.org\/{rel}","templated":true}]}}