{"id":1868,"date":"2022-04-07T13:09:56","date_gmt":"2022-04-07T11:09:56","guid":{"rendered":"https:\/\/agora.xtec.cat\/escolaprovencana\/?p=1868"},"modified":"2022-04-07T13:10:55","modified_gmt":"2022-04-07T11:10:55","slug":"el-music-de-la-setmana","status":"publish","type":"post","link":"https:\/\/agora.xtec.cat\/escolaprovencana\/infantil\/i3\/el-music-de-la-setmana\/","title":{"rendered":"El m\u00fasic de la setmana"},"content":{"rendered":"<p>Durant aquest trimestre han estat molts nens i nenes de la classe dels Tabalets que s&#8217;han convertit en aut\u00e8ntics m\u00fasics professionals que han compartit amb la resta algun instrument, can\u00e7\u00f3 o audici\u00f3 que els hi agradava.<br \/>\nHem pogut gaudir d&#8217;harm\u00f2niques, pianos, xil\u00f2fons, flautes, tambors, una trompeta, un acordi\u00f3, un pal de pluja i can\u00e7ons molt divertides com Mar\u00eda Isabel, el baile del gorila, el tambor de bam, canta la lluvia a la tierra, en Joan petit quan balla i el burrito sabanero.<br \/>\nMoltes gr\u00e0cies a tots i totes i esperem seguir descobrint moltes coses m\u00e9s al tercer trimestre amb m\u00e9s m\u00fasics de la setmana!<\/p>\n<p><a href=\"https:\/\/agora.xtec.cat\/escolaprovencana\/wp-content\/uploads\/usu2442\/2022\/04\/Copia-de-Copia-de-El-music-de-la-setmana.jpg\"><img loading=\"lazy\" decoding=\"async\" src=\"https:\/\/agora.xtec.cat\/escolaprovencana\/wp-content\/uploads\/usu2442\/2022\/04\/Copia-de-Copia-de-El-music-de-la-setmana.jpg\" alt=\"\" width=\"874\" height=\"620\" class=\"alignnone size-full wp-image-1869\" srcset=\"https:\/\/agora.xtec.cat\/escolaprovencana\/wp-content\/uploads\/usu2442\/2022\/04\/Copia-de-Copia-de-El-music-de-la-setmana.jpg 874w, https:\/\/agora.xtec.cat\/escolaprovencana\/wp-content\/uploads\/usu2442\/2022\/04\/Copia-de-Copia-de-El-music-de-la-setmana-300x213.jpg 300w, https:\/\/agora.xtec.cat\/escolaprovencana\/wp-content\/uploads\/usu2442\/2022\/04\/Copia-de-Copia-de-El-music-de-la-setmana-768x545.jpg 768w\" sizes=\"auto, (max-width: 874px) 100vw, 874px\" \/><\/a><\/p>\n<p><a href=\"https:\/\/agora.xtec.cat\/escolaprovencana\/wp-content\/uploads\/usu2442\/2022\/04\/Copia-de-Copia-de-Copia-de-El-music-de-la-setmana.jpg\"><img loading=\"lazy\" decoding=\"async\" src=\"https:\/\/agora.xtec.cat\/escolaprovencana\/wp-content\/uploads\/usu2442\/2022\/04\/Copia-de-Copia-de-Copia-de-El-music-de-la-setmana.jpg\" alt=\"\" width=\"874\" height=\"620\" class=\"alignnone size-large wp-image-1870\" srcset=\"https:\/\/agora.xtec.cat\/escolaprovencana\/wp-content\/uploads\/usu2442\/2022\/04\/Copia-de-Copia-de-Copia-de-El-music-de-la-setmana.jpg 874w, https:\/\/agora.xtec.cat\/escolaprovencana\/wp-content\/uploads\/usu2442\/2022\/04\/Copia-de-Copia-de-Copia-de-El-music-de-la-setmana-300x213.jpg 300w, https:\/\/agora.xtec.cat\/escolaprovencana\/wp-content\/uploads\/usu2442\/2022\/04\/Copia-de-Copia-de-Copia-de-El-music-de-la-setmana-768x545.jpg 768w\" sizes=\"auto, (max-width: 874px) 100vw, 874px\" \/><\/a><\/p>\n","protected":false},"excerpt":{"rendered":"<p>Durant aquest trimestre han estat molts nens i nenes de la classe dels Tabalets que s&#8217;han convertit en aut\u00e8ntics m\u00fasics professionals que han compartit amb la resta algun instrument, can\u00e7\u00f3 o audici\u00f3 que els hi agradava.<br \/>\nHem pogut gaudir d&#8217;harm\u00f2niques, pianos, xil\u00f2fons, flautes, tambors, una trompeta,&hellip;  <a href=\"https:\/\/agora.xtec.cat\/escolaprovencana\/infantil\/i3\/el-music-de-la-setmana\/\" title=\"Read El m\u00fasic de la setmana\">Llegeix m\u00e9s\u00bb<\/a><\/p>\n","protected":false},"author":16,"featured_media":1870,"comment_status":"closed","ping_status":"closed","sticky":false,"template":"","format":"standard","meta":{"_bbp_topic_count":0,"_bbp_reply_count":0,"_bbp_total_topic_count":0,"_bbp_total_reply_count":0,"_bbp_voice_count":0,"_bbp_anonymous_reply_count":0,"_bbp_topic_count_hidden":0,"_bbp_reply_count_hidden":0,"_bbp_forum_subforum_count":0,"footnotes":""},"categories":[3],"tags":[],"class_list":["post-1868","post","type-post","status-publish","format-standard","has-post-thumbnail","hentry","category-i3"],"post_mailing_queue_ids":[],"_links":{"self":[{"href":"https:\/\/agora.xtec.cat\/escolaprovencana\/wp-json\/wp\/v2\/posts\/1868","targetHints":{"allow":["GET"]}}],"collection":[{"href":"https:\/\/agora.xtec.cat\/escolaprovencana\/wp-json\/wp\/v2\/posts"}],"about":[{"href":"https:\/\/agora.xtec.cat\/escolaprovencana\/wp-json\/wp\/v2\/types\/post"}],"author":[{"embeddable":true,"href":"https:\/\/agora.xtec.cat\/escolaprovencana\/wp-json\/wp\/v2\/users\/16"}],"replies":[{"embeddable":true,"href":"https:\/\/agora.xtec.cat\/escolaprovencana\/wp-json\/wp\/v2\/comments?post=1868"}],"version-history":[{"count":2,"href":"https:\/\/agora.xtec.cat\/escolaprovencana\/wp-json\/wp\/v2\/posts\/1868\/revisions"}],"predecessor-version":[{"id":1872,"href":"https:\/\/agora.xtec.cat\/escolaprovencana\/wp-json\/wp\/v2\/posts\/1868\/revisions\/1872"}],"wp:featuredmedia":[{"embeddable":true,"href":"https:\/\/agora.xtec.cat\/escolaprovencana\/wp-json\/wp\/v2\/media\/1870"}],"wp:attachment":[{"href":"https:\/\/agora.xtec.cat\/escolaprovencana\/wp-json\/wp\/v2\/media?parent=1868"}],"wp:term":[{"taxonomy":"category","embeddable":true,"href":"https:\/\/agora.xtec.cat\/escolaprovencana\/wp-json\/wp\/v2\/categories?post=1868"},{"taxonomy":"post_tag","embeddable":true,"href":"https:\/\/agora.xtec.cat\/escolaprovencana\/wp-json\/wp\/v2\/tags?post=1868"}],"curies":[{"name":"wp","href":"https:\/\/api.w.org\/{rel}","templated":true}]}}