{"id":1812,"date":"2022-03-23T21:03:18","date_gmt":"2022-03-23T20:03:18","guid":{"rendered":"https:\/\/agora.xtec.cat\/escolaprovencana\/?p=1812"},"modified":"2022-03-23T21:08:15","modified_gmt":"2022-03-23T20:08:15","slug":"projecte-vidasubmarina","status":"publish","type":"post","link":"https:\/\/agora.xtec.cat\/escolaprovencana\/primaria\/4t\/projecte-vidasubmarina\/","title":{"rendered":"Projecte VIDA SUBMARINA"},"content":{"rendered":"<p style=\"text-align: left\">Fa unes quantes setmanes que vam comen\u00e7ar el segon projecte <strong>LA VIDA SUBMARINA.<\/strong><\/p>\n<p style=\"text-align: left\">El passat 21 de febrer va venir la Irene, una bi\u00f2loga marina especialitzada en oceanografia, a fer-nos una xerrada sobre la vida submarina.<\/p>\n<p style=\"text-align: left\">Vam aprendre molt\u00edssimes coses, com per exemple:<\/p>\n<p style=\"text-align: left\">&#8211; Qu\u00e8 \u00e9s l&#8217;oce\u00e0 i els diferents oceans que hi ha a la Terra.<\/p>\n<p style=\"text-align: left\">&#8211; Difer\u00e8ncies entre el medi mar\u00ed i el medi terrestre.<\/p>\n<p style=\"text-align: left\">&#8211; Quina forma t\u00e9 el fons del mar i quines s\u00f3n les zones m\u00e9s profundes.<\/p>\n<p style=\"text-align: left\">&#8211; Qui i com s&#8217;estudia l&#8217;oce\u00e0.<\/p>\n<p style=\"text-align: left\">&#8211; Les amenaces i els impactes negatius.<\/p>\n<p style=\"text-align: left\">I vam aprendre molt sobre una planta subaqu\u00e0tica anomenada <strong>Posid\u00f2nia<\/strong>, la planta m\u00e9s important del nostre mar.<\/p>\n<p style=\"text-align: left\">Per acabar, vam escriure en diferents post-its les coses m\u00e9s interessants que vam descobrir durant la xerrada.<\/p>\n<p><a href=\"https:\/\/agora.xtec.cat\/escolaprovencana\/wp-content\/uploads\/usu2442\/2022\/03\/image00017-scaled.jpeg\"><img loading=\"lazy\" decoding=\"async\" class=\"alignnone size-large wp-image-1828\" src=\"https:\/\/agora.xtec.cat\/escolaprovencana\/wp-content\/uploads\/usu2442\/2022\/03\/image00017-1024x768.jpeg\" alt=\"\" width=\"1024\" height=\"768\" srcset=\"https:\/\/agora.xtec.cat\/escolaprovencana\/wp-content\/uploads\/usu2442\/2022\/03\/image00017-1024x768.jpeg 1024w, https:\/\/agora.xtec.cat\/escolaprovencana\/wp-content\/uploads\/usu2442\/2022\/03\/image00017-300x225.jpeg 300w, https:\/\/agora.xtec.cat\/escolaprovencana\/wp-content\/uploads\/usu2442\/2022\/03\/image00017-768x576.jpeg 768w, https:\/\/agora.xtec.cat\/escolaprovencana\/wp-content\/uploads\/usu2442\/2022\/03\/image00017-1536x1152.jpeg 1536w, https:\/\/agora.xtec.cat\/escolaprovencana\/wp-content\/uploads\/usu2442\/2022\/03\/image00017-2048x1536.jpeg 2048w, https:\/\/agora.xtec.cat\/escolaprovencana\/wp-content\/uploads\/usu2442\/2022\/03\/image00017-200x150.jpeg 200w\" sizes=\"auto, (max-width: 1024px) 100vw, 1024px\" \/><\/a><\/p>\n<p><a href=\"https:\/\/agora.xtec.cat\/escolaprovencana\/wp-content\/uploads\/usu2442\/2022\/03\/image00006-1-scaled.jpeg\"><img loading=\"lazy\" decoding=\"async\" class=\"alignnone wp-image-1817\" src=\"https:\/\/agora.xtec.cat\/escolaprovencana\/wp-content\/uploads\/usu2442\/2022\/03\/image00006-1-1024x768.jpeg\" alt=\"\" width=\"438\" height=\"329\" srcset=\"https:\/\/agora.xtec.cat\/escolaprovencana\/wp-content\/uploads\/usu2442\/2022\/03\/image00006-1-1024x768.jpeg 1024w, https:\/\/agora.xtec.cat\/escolaprovencana\/wp-content\/uploads\/usu2442\/2022\/03\/image00006-1-300x225.jpeg 300w, https:\/\/agora.xtec.cat\/escolaprovencana\/wp-content\/uploads\/usu2442\/2022\/03\/image00006-1-768x576.jpeg 768w, https:\/\/agora.xtec.cat\/escolaprovencana\/wp-content\/uploads\/usu2442\/2022\/03\/image00006-1-1536x1152.jpeg 1536w, https:\/\/agora.xtec.cat\/escolaprovencana\/wp-content\/uploads\/usu2442\/2022\/03\/image00006-1-2048x1536.jpeg 2048w, https:\/\/agora.xtec.cat\/escolaprovencana\/wp-content\/uploads\/usu2442\/2022\/03\/image00006-1-200x150.jpeg 200w\" sizes=\"auto, (max-width: 438px) 100vw, 438px\" \/><\/a> <a href=\"https:\/\/agora.xtec.cat\/escolaprovencana\/wp-content\/uploads\/usu2442\/2022\/03\/image00005-1-scaled.jpeg\"><img loading=\"lazy\" decoding=\"async\" class=\"alignnone wp-image-1816\" src=\"https:\/\/agora.xtec.cat\/escolaprovencana\/wp-content\/uploads\/usu2442\/2022\/03\/image00005-1-1024x768.jpeg\" alt=\"\" width=\"438\" height=\"329\" srcset=\"https:\/\/agora.xtec.cat\/escolaprovencana\/wp-content\/uploads\/usu2442\/2022\/03\/image00005-1-1024x768.jpeg 1024w, https:\/\/agora.xtec.cat\/escolaprovencana\/wp-content\/uploads\/usu2442\/2022\/03\/image00005-1-300x225.jpeg 300w, https:\/\/agora.xtec.cat\/escolaprovencana\/wp-content\/uploads\/usu2442\/2022\/03\/image00005-1-768x576.jpeg 768w, https:\/\/agora.xtec.cat\/escolaprovencana\/wp-content\/uploads\/usu2442\/2022\/03\/image00005-1-1536x1152.jpeg 1536w, https:\/\/agora.xtec.cat\/escolaprovencana\/wp-content\/uploads\/usu2442\/2022\/03\/image00005-1-2048x1536.jpeg 2048w, https:\/\/agora.xtec.cat\/escolaprovencana\/wp-content\/uploads\/usu2442\/2022\/03\/image00005-1-200x150.jpeg 200w\" sizes=\"auto, (max-width: 438px) 100vw, 438px\" \/><\/a> <a href=\"https:\/\/agora.xtec.cat\/escolaprovencana\/wp-content\/uploads\/usu2442\/2022\/03\/image00002-1-scaled.jpeg\"><img loading=\"lazy\" decoding=\"async\" class=\"alignnone wp-image-1814\" src=\"https:\/\/agora.xtec.cat\/escolaprovencana\/wp-content\/uploads\/usu2442\/2022\/03\/image00002-1-768x1024.jpeg\" alt=\"\" width=\"411\" height=\"548\" srcset=\"https:\/\/agora.xtec.cat\/escolaprovencana\/wp-content\/uploads\/usu2442\/2022\/03\/image00002-1-768x1024.jpeg 768w, https:\/\/agora.xtec.cat\/escolaprovencana\/wp-content\/uploads\/usu2442\/2022\/03\/image00002-1-225x300.jpeg 225w, https:\/\/agora.xtec.cat\/escolaprovencana\/wp-content\/uploads\/usu2442\/2022\/03\/image00002-1-1152x1536.jpeg 1152w, https:\/\/agora.xtec.cat\/escolaprovencana\/wp-content\/uploads\/usu2442\/2022\/03\/image00002-1-1536x2048.jpeg 1536w, https:\/\/agora.xtec.cat\/escolaprovencana\/wp-content\/uploads\/usu2442\/2022\/03\/image00002-1-scaled.jpeg 1920w\" sizes=\"auto, (max-width: 411px) 100vw, 411px\" \/><\/a> <a href=\"https:\/\/agora.xtec.cat\/escolaprovencana\/wp-content\/uploads\/usu2442\/2022\/03\/image00001-1-scaled.jpeg\"><img loading=\"lazy\" decoding=\"async\" class=\"alignnone wp-image-1813\" src=\"https:\/\/agora.xtec.cat\/escolaprovencana\/wp-content\/uploads\/usu2442\/2022\/03\/image00001-1-768x1024.jpeg\" alt=\"\" width=\"409\" height=\"545\" srcset=\"https:\/\/agora.xtec.cat\/escolaprovencana\/wp-content\/uploads\/usu2442\/2022\/03\/image00001-1-768x1024.jpeg 768w, https:\/\/agora.xtec.cat\/escolaprovencana\/wp-content\/uploads\/usu2442\/2022\/03\/image00001-1-225x300.jpeg 225w, https:\/\/agora.xtec.cat\/escolaprovencana\/wp-content\/uploads\/usu2442\/2022\/03\/image00001-1-1152x1536.jpeg 1152w, https:\/\/agora.xtec.cat\/escolaprovencana\/wp-content\/uploads\/usu2442\/2022\/03\/image00001-1-1536x2048.jpeg 1536w, https:\/\/agora.xtec.cat\/escolaprovencana\/wp-content\/uploads\/usu2442\/2022\/03\/image00001-1-scaled.jpeg 1920w\" sizes=\"auto, (max-width: 409px) 100vw, 409px\" \/><\/a> <a href=\"https:\/\/agora.xtec.cat\/escolaprovencana\/wp-content\/uploads\/usu2442\/2022\/03\/image00007-1-scaled.jpeg\"><img loading=\"lazy\" decoding=\"async\" class=\"wp-image-1818 aligncenter\" src=\"https:\/\/agora.xtec.cat\/escolaprovencana\/wp-content\/uploads\/usu2442\/2022\/03\/image00007-1-1024x768.jpeg\" alt=\"\" width=\"603\" height=\"452\" srcset=\"https:\/\/agora.xtec.cat\/escolaprovencana\/wp-content\/uploads\/usu2442\/2022\/03\/image00007-1-1024x768.jpeg 1024w, https:\/\/agora.xtec.cat\/escolaprovencana\/wp-content\/uploads\/usu2442\/2022\/03\/image00007-1-300x225.jpeg 300w, https:\/\/agora.xtec.cat\/escolaprovencana\/wp-content\/uploads\/usu2442\/2022\/03\/image00007-1-768x576.jpeg 768w, https:\/\/agora.xtec.cat\/escolaprovencana\/wp-content\/uploads\/usu2442\/2022\/03\/image00007-1-1536x1152.jpeg 1536w, https:\/\/agora.xtec.cat\/escolaprovencana\/wp-content\/uploads\/usu2442\/2022\/03\/image00007-1-2048x1536.jpeg 2048w, https:\/\/agora.xtec.cat\/escolaprovencana\/wp-content\/uploads\/usu2442\/2022\/03\/image00007-1-200x150.jpeg 200w\" sizes=\"auto, (max-width: 603px) 100vw, 603px\" \/><\/a><\/p>\n<p><a href=\"https:\/\/agora.xtec.cat\/escolaprovencana\/wp-content\/uploads\/usu2442\/2022\/03\/image00013-scaled.jpeg\"><img loading=\"lazy\" decoding=\"async\" class=\"alignnone wp-image-1824\" src=\"https:\/\/agora.xtec.cat\/escolaprovencana\/wp-content\/uploads\/usu2442\/2022\/03\/image00013-1024x768.jpeg\" alt=\"\" width=\"435\" height=\"326\" srcset=\"https:\/\/agora.xtec.cat\/escolaprovencana\/wp-content\/uploads\/usu2442\/2022\/03\/image00013-1024x768.jpeg 1024w, https:\/\/agora.xtec.cat\/escolaprovencana\/wp-content\/uploads\/usu2442\/2022\/03\/image00013-300x225.jpeg 300w, https:\/\/agora.xtec.cat\/escolaprovencana\/wp-content\/uploads\/usu2442\/2022\/03\/image00013-768x576.jpeg 768w, https:\/\/agora.xtec.cat\/escolaprovencana\/wp-content\/uploads\/usu2442\/2022\/03\/image00013-1536x1152.jpeg 1536w, https:\/\/agora.xtec.cat\/escolaprovencana\/wp-content\/uploads\/usu2442\/2022\/03\/image00013-2048x1536.jpeg 2048w, https:\/\/agora.xtec.cat\/escolaprovencana\/wp-content\/uploads\/usu2442\/2022\/03\/image00013-200x150.jpeg 200w\" sizes=\"auto, (max-width: 435px) 100vw, 435px\" \/><\/a> <a href=\"https:\/\/agora.xtec.cat\/escolaprovencana\/wp-content\/uploads\/usu2442\/2022\/03\/image00018-scaled.jpeg\"><img loading=\"lazy\" decoding=\"async\" class=\"alignnone wp-image-1829\" src=\"https:\/\/agora.xtec.cat\/escolaprovencana\/wp-content\/uploads\/usu2442\/2022\/03\/image00018-1024x768.jpeg\" alt=\"\" width=\"432\" height=\"324\" srcset=\"https:\/\/agora.xtec.cat\/escolaprovencana\/wp-content\/uploads\/usu2442\/2022\/03\/image00018-1024x768.jpeg 1024w, https:\/\/agora.xtec.cat\/escolaprovencana\/wp-content\/uploads\/usu2442\/2022\/03\/image00018-300x225.jpeg 300w, https:\/\/agora.xtec.cat\/escolaprovencana\/wp-content\/uploads\/usu2442\/2022\/03\/image00018-768x576.jpeg 768w, https:\/\/agora.xtec.cat\/escolaprovencana\/wp-content\/uploads\/usu2442\/2022\/03\/image00018-1536x1152.jpeg 1536w, https:\/\/agora.xtec.cat\/escolaprovencana\/wp-content\/uploads\/usu2442\/2022\/03\/image00018-2048x1536.jpeg 2048w, https:\/\/agora.xtec.cat\/escolaprovencana\/wp-content\/uploads\/usu2442\/2022\/03\/image00018-200x150.jpeg 200w\" sizes=\"auto, (max-width: 432px) 100vw, 432px\" \/><\/a> <a href=\"https:\/\/agora.xtec.cat\/escolaprovencana\/wp-content\/uploads\/usu2442\/2022\/03\/image00012-1-scaled.jpeg\"><img loading=\"lazy\" decoding=\"async\" class=\"alignnone wp-image-1823\" src=\"https:\/\/agora.xtec.cat\/escolaprovencana\/wp-content\/uploads\/usu2442\/2022\/03\/image00012-1-1024x768.jpeg\" alt=\"\" width=\"435\" height=\"326\" srcset=\"https:\/\/agora.xtec.cat\/escolaprovencana\/wp-content\/uploads\/usu2442\/2022\/03\/image00012-1-1024x768.jpeg 1024w, https:\/\/agora.xtec.cat\/escolaprovencana\/wp-content\/uploads\/usu2442\/2022\/03\/image00012-1-300x225.jpeg 300w, https:\/\/agora.xtec.cat\/escolaprovencana\/wp-content\/uploads\/usu2442\/2022\/03\/image00012-1-768x576.jpeg 768w, https:\/\/agora.xtec.cat\/escolaprovencana\/wp-content\/uploads\/usu2442\/2022\/03\/image00012-1-1536x1152.jpeg 1536w, https:\/\/agora.xtec.cat\/escolaprovencana\/wp-content\/uploads\/usu2442\/2022\/03\/image00012-1-2048x1536.jpeg 2048w, https:\/\/agora.xtec.cat\/escolaprovencana\/wp-content\/uploads\/usu2442\/2022\/03\/image00012-1-200x150.jpeg 200w\" sizes=\"auto, (max-width: 435px) 100vw, 435px\" \/><\/a> <a href=\"https:\/\/agora.xtec.cat\/escolaprovencana\/wp-content\/uploads\/usu2442\/2022\/03\/image00011-1-scaled.jpeg\"><img loading=\"lazy\" decoding=\"async\" class=\"alignnone wp-image-1822\" src=\"https:\/\/agora.xtec.cat\/escolaprovencana\/wp-content\/uploads\/usu2442\/2022\/03\/image00011-1-1024x768.jpeg\" alt=\"\" width=\"435\" height=\"326\" srcset=\"https:\/\/agora.xtec.cat\/escolaprovencana\/wp-content\/uploads\/usu2442\/2022\/03\/image00011-1-1024x768.jpeg 1024w, https:\/\/agora.xtec.cat\/escolaprovencana\/wp-content\/uploads\/usu2442\/2022\/03\/image00011-1-300x225.jpeg 300w, https:\/\/agora.xtec.cat\/escolaprovencana\/wp-content\/uploads\/usu2442\/2022\/03\/image00011-1-768x576.jpeg 768w, https:\/\/agora.xtec.cat\/escolaprovencana\/wp-content\/uploads\/usu2442\/2022\/03\/image00011-1-1536x1152.jpeg 1536w, https:\/\/agora.xtec.cat\/escolaprovencana\/wp-content\/uploads\/usu2442\/2022\/03\/image00011-1-2048x1536.jpeg 2048w, https:\/\/agora.xtec.cat\/escolaprovencana\/wp-content\/uploads\/usu2442\/2022\/03\/image00011-1-200x150.jpeg 200w\" sizes=\"auto, (max-width: 435px) 100vw, 435px\" \/><\/a>\u00a0\u00a0\u00a0\u00a0\u00a0 <a href=\"https:\/\/agora.xtec.cat\/escolaprovencana\/wp-content\/uploads\/usu2442\/2022\/03\/image00008-1-scaled.jpeg\"><img loading=\"lazy\" decoding=\"async\" class=\"alignnone wp-image-1819\" src=\"https:\/\/agora.xtec.cat\/escolaprovencana\/wp-content\/uploads\/usu2442\/2022\/03\/image00008-1-1024x768.jpeg\" alt=\"\" width=\"443\" height=\"333\" srcset=\"https:\/\/agora.xtec.cat\/escolaprovencana\/wp-content\/uploads\/usu2442\/2022\/03\/image00008-1-1024x768.jpeg 1024w, https:\/\/agora.xtec.cat\/escolaprovencana\/wp-content\/uploads\/usu2442\/2022\/03\/image00008-1-300x225.jpeg 300w, https:\/\/agora.xtec.cat\/escolaprovencana\/wp-content\/uploads\/usu2442\/2022\/03\/image00008-1-768x576.jpeg 768w, https:\/\/agora.xtec.cat\/escolaprovencana\/wp-content\/uploads\/usu2442\/2022\/03\/image00008-1-1536x1152.jpeg 1536w, https:\/\/agora.xtec.cat\/escolaprovencana\/wp-content\/uploads\/usu2442\/2022\/03\/image00008-1-2048x1536.jpeg 2048w, https:\/\/agora.xtec.cat\/escolaprovencana\/wp-content\/uploads\/usu2442\/2022\/03\/image00008-1-200x150.jpeg 200w\" sizes=\"auto, (max-width: 443px) 100vw, 443px\" \/><\/a> <a href=\"https:\/\/agora.xtec.cat\/escolaprovencana\/wp-content\/uploads\/usu2442\/2022\/03\/image00010-1-scaled.jpeg\"><img loading=\"lazy\" decoding=\"async\" class=\"alignnone wp-image-1821\" src=\"https:\/\/agora.xtec.cat\/escolaprovencana\/wp-content\/uploads\/usu2442\/2022\/03\/image00010-1-1024x768.jpeg\" alt=\"\" width=\"440\" height=\"330\" srcset=\"https:\/\/agora.xtec.cat\/escolaprovencana\/wp-content\/uploads\/usu2442\/2022\/03\/image00010-1-1024x768.jpeg 1024w, https:\/\/agora.xtec.cat\/escolaprovencana\/wp-content\/uploads\/usu2442\/2022\/03\/image00010-1-300x225.jpeg 300w, https:\/\/agora.xtec.cat\/escolaprovencana\/wp-content\/uploads\/usu2442\/2022\/03\/image00010-1-768x576.jpeg 768w, https:\/\/agora.xtec.cat\/escolaprovencana\/wp-content\/uploads\/usu2442\/2022\/03\/image00010-1-1536x1152.jpeg 1536w, https:\/\/agora.xtec.cat\/escolaprovencana\/wp-content\/uploads\/usu2442\/2022\/03\/image00010-1-2048x1536.jpeg 2048w, https:\/\/agora.xtec.cat\/escolaprovencana\/wp-content\/uploads\/usu2442\/2022\/03\/image00010-1-200x150.jpeg 200w\" sizes=\"auto, (max-width: 440px) 100vw, 440px\" \/><\/a> <a href=\"https:\/\/agora.xtec.cat\/escolaprovencana\/wp-content\/uploads\/usu2442\/2022\/03\/image00014-scaled.jpeg\"><img loading=\"lazy\" decoding=\"async\" class=\"alignnone wp-image-1825\" src=\"https:\/\/agora.xtec.cat\/escolaprovencana\/wp-content\/uploads\/usu2442\/2022\/03\/image00014-1024x768.jpeg\" alt=\"\" width=\"450\" height=\"337\" srcset=\"https:\/\/agora.xtec.cat\/escolaprovencana\/wp-content\/uploads\/usu2442\/2022\/03\/image00014-1024x768.jpeg 1024w, https:\/\/agora.xtec.cat\/escolaprovencana\/wp-content\/uploads\/usu2442\/2022\/03\/image00014-300x225.jpeg 300w, https:\/\/agora.xtec.cat\/escolaprovencana\/wp-content\/uploads\/usu2442\/2022\/03\/image00014-768x576.jpeg 768w, https:\/\/agora.xtec.cat\/escolaprovencana\/wp-content\/uploads\/usu2442\/2022\/03\/image00014-1536x1152.jpeg 1536w, https:\/\/agora.xtec.cat\/escolaprovencana\/wp-content\/uploads\/usu2442\/2022\/03\/image00014-2048x1536.jpeg 2048w, https:\/\/agora.xtec.cat\/escolaprovencana\/wp-content\/uploads\/usu2442\/2022\/03\/image00014-200x150.jpeg 200w\" sizes=\"auto, (max-width: 450px) 100vw, 450px\" \/><\/a><\/p>\n<p>&nbsp;<\/p>\n<p>&nbsp;<\/p>\n","protected":false},"excerpt":{"rendered":"<p>Fa unes quantes setmanes que vam comen\u00e7ar el segon projecte LA VIDA SUBMARINA.<br \/>\nEl passat 21 de febrer va venir la Irene, una bi\u00f2loga marina especialitzada en oceanografia, a fer-nos una xerrada sobre la vida submarina.<br \/>\nVam aprendre molt\u00edssimes coses, com per exemple:<br \/>\n&#8211; Qu\u00e8 \u00e9s l&#8217;oce\u00e0 i&hellip;  <a href=\"https:\/\/agora.xtec.cat\/escolaprovencana\/primaria\/4t\/projecte-vidasubmarina\/\" title=\"Read Projecte VIDA SUBMARINA\">Llegeix m\u00e9s\u00bb<\/a><\/p>\n","protected":false},"author":1,"featured_media":0,"comment_status":"closed","ping_status":"closed","sticky":false,"template":"","format":"standard","meta":{"_bbp_topic_count":0,"_bbp_reply_count":0,"_bbp_total_topic_count":0,"_bbp_total_reply_count":0,"_bbp_voice_count":0,"_bbp_anonymous_reply_count":0,"_bbp_topic_count_hidden":0,"_bbp_reply_count_hidden":0,"_bbp_forum_subforum_count":0,"footnotes":""},"categories":[13],"tags":[77],"class_list":["post-1812","post","type-post","status-publish","format-standard","hentry","category-4t","tag-medi"],"post_mailing_queue_ids":[],"_links":{"self":[{"href":"https:\/\/agora.xtec.cat\/escolaprovencana\/wp-json\/wp\/v2\/posts\/1812","targetHints":{"allow":["GET"]}}],"collection":[{"href":"https:\/\/agora.xtec.cat\/escolaprovencana\/wp-json\/wp\/v2\/posts"}],"about":[{"href":"https:\/\/agora.xtec.cat\/escolaprovencana\/wp-json\/wp\/v2\/types\/post"}],"author":[{"embeddable":true,"href":"https:\/\/agora.xtec.cat\/escolaprovencana\/wp-json\/wp\/v2\/users\/1"}],"replies":[{"embeddable":true,"href":"https:\/\/agora.xtec.cat\/escolaprovencana\/wp-json\/wp\/v2\/comments?post=1812"}],"version-history":[{"count":4,"href":"https:\/\/agora.xtec.cat\/escolaprovencana\/wp-json\/wp\/v2\/posts\/1812\/revisions"}],"predecessor-version":[{"id":1834,"href":"https:\/\/agora.xtec.cat\/escolaprovencana\/wp-json\/wp\/v2\/posts\/1812\/revisions\/1834"}],"wp:attachment":[{"href":"https:\/\/agora.xtec.cat\/escolaprovencana\/wp-json\/wp\/v2\/media?parent=1812"}],"wp:term":[{"taxonomy":"category","embeddable":true,"href":"https:\/\/agora.xtec.cat\/escolaprovencana\/wp-json\/wp\/v2\/categories?post=1812"},{"taxonomy":"post_tag","embeddable":true,"href":"https:\/\/agora.xtec.cat\/escolaprovencana\/wp-json\/wp\/v2\/tags?post=1812"}],"curies":[{"name":"wp","href":"https:\/\/api.w.org\/{rel}","templated":true}]}}