{"id":1809,"date":"2022-03-23T18:06:36","date_gmt":"2022-03-23T17:06:36","guid":{"rendered":"https:\/\/agora.xtec.cat\/escolaprovencana\/?p=1809"},"modified":"2022-03-23T21:08:48","modified_gmt":"2022-03-23T20:08:48","slug":"projecte-primer-trimestre","status":"publish","type":"post","link":"https:\/\/agora.xtec.cat\/escolaprovencana\/primaria\/4t\/projecte-primer-trimestre\/","title":{"rendered":"Projecte primer trimestre"},"content":{"rendered":"<p>Hola, fam\u00edlies!<\/p>\n<p>Com ja sabeu, el trimestre passat el nostre projecte de Medi va ser sobre els volcans.<\/p>\n<p>Per grups vam buscar informaci\u00f3 en llibres i tauletes sobre els volcans i vam realitzar el nostre lapbook, a m\u00e9s a m\u00e9s vam fer el nostre propi experiment!!<\/p>\n<p>Aqu\u00ed us deixem un petit v\u00eddeo amb tot el nostre proc\u00e9s!!<\/p>\n<p><iframe loading=\"lazy\" title=\"PROJECTE VOLCANS\" width=\"500\" height=\"375\" src=\"https:\/\/www.youtube.com\/embed\/MUIDCsA9dUA?feature=oembed\" frameborder=\"0\" allow=\"accelerometer; autoplay; clipboard-write; encrypted-media; gyroscope; picture-in-picture; web-share\" referrerpolicy=\"strict-origin-when-cross-origin\" allowfullscreen><\/iframe><\/p>\n","protected":false},"excerpt":{"rendered":"<p>Hola, fam\u00edlies!<br \/>\nCom ja sabeu, el trimestre passat el nostre projecte de Medi va ser sobre els volcans.<br \/>\nPer grups vam buscar informaci\u00f3 en llibres i tauletes sobre els volcans i vam realitzar el nostre lapbook, a m\u00e9s a m\u00e9s vam fer el nostre propi experiment!!<br \/>\nAqu\u00ed us&hellip;  <a href=\"https:\/\/agora.xtec.cat\/escolaprovencana\/primaria\/4t\/projecte-primer-trimestre\/\" title=\"Read Projecte primer trimestre\">Llegeix m\u00e9s\u00bb<\/a><\/p>\n","protected":false},"author":1,"featured_media":1810,"comment_status":"closed","ping_status":"closed","sticky":false,"template":"","format":"standard","meta":{"_bbp_topic_count":0,"_bbp_reply_count":0,"_bbp_total_topic_count":0,"_bbp_total_reply_count":0,"_bbp_voice_count":0,"_bbp_anonymous_reply_count":0,"_bbp_topic_count_hidden":0,"_bbp_reply_count_hidden":0,"_bbp_forum_subforum_count":0,"footnotes":""},"categories":[13],"tags":[77],"class_list":["post-1809","post","type-post","status-publish","format-standard","has-post-thumbnail","hentry","category-4t","tag-medi"],"post_mailing_queue_ids":[],"_links":{"self":[{"href":"https:\/\/agora.xtec.cat\/escolaprovencana\/wp-json\/wp\/v2\/posts\/1809","targetHints":{"allow":["GET"]}}],"collection":[{"href":"https:\/\/agora.xtec.cat\/escolaprovencana\/wp-json\/wp\/v2\/posts"}],"about":[{"href":"https:\/\/agora.xtec.cat\/escolaprovencana\/wp-json\/wp\/v2\/types\/post"}],"author":[{"embeddable":true,"href":"https:\/\/agora.xtec.cat\/escolaprovencana\/wp-json\/wp\/v2\/users\/1"}],"replies":[{"embeddable":true,"href":"https:\/\/agora.xtec.cat\/escolaprovencana\/wp-json\/wp\/v2\/comments?post=1809"}],"version-history":[{"count":1,"href":"https:\/\/agora.xtec.cat\/escolaprovencana\/wp-json\/wp\/v2\/posts\/1809\/revisions"}],"predecessor-version":[{"id":1811,"href":"https:\/\/agora.xtec.cat\/escolaprovencana\/wp-json\/wp\/v2\/posts\/1809\/revisions\/1811"}],"wp:featuredmedia":[{"embeddable":true,"href":"https:\/\/agora.xtec.cat\/escolaprovencana\/wp-json\/wp\/v2\/media\/1810"}],"wp:attachment":[{"href":"https:\/\/agora.xtec.cat\/escolaprovencana\/wp-json\/wp\/v2\/media?parent=1809"}],"wp:term":[{"taxonomy":"category","embeddable":true,"href":"https:\/\/agora.xtec.cat\/escolaprovencana\/wp-json\/wp\/v2\/categories?post=1809"},{"taxonomy":"post_tag","embeddable":true,"href":"https:\/\/agora.xtec.cat\/escolaprovencana\/wp-json\/wp\/v2\/tags?post=1809"}],"curies":[{"name":"wp","href":"https:\/\/api.w.org\/{rel}","templated":true}]}}