{"id":1566,"date":"2022-02-06T13:26:21","date_gmt":"2022-02-06T12:26:21","guid":{"rendered":"https:\/\/agora.xtec.cat\/escolaprovencana\/?p=1566"},"modified":"2022-02-06T13:53:59","modified_gmt":"2022-02-06T12:53:59","slug":"laula-del-mar","status":"publish","type":"post","link":"https:\/\/agora.xtec.cat\/escolaprovencana\/primaria\/3r\/laula-del-mar\/","title":{"rendered":"L&#8217;AULA DEL MAR"},"content":{"rendered":"<p>El dia 26 de gener va venir a la nostra\u00a0 aula la Berta, de l&#8217;Aula del Mar i amb el taller &#8220;Un mar de pl\u00e0stics&#8221; vam aprendre com podem ajudar a mantenir net el mar. Vam fer un dossier i tamb\u00e9 un treball pl\u00e0stic amb els taps que vam portar i m\u00e9s materials de classe i que la Berta ens va portar. El taller ens va agradar molt!<\/p>\n<p>Us deixem algunes mostres de la nostra creativitat.<\/p>\n<div style=\"width: 720px;\" class=\"wp-video\"><!--[if lt IE 9]><script>document.createElement('video');<\/script><![endif]-->\n<video class=\"wp-video-shortcode\" id=\"video-1566-1\" width=\"720\" height=\"720\" preload=\"auto\" controls=\"controls\"><source type=\"video\/mp4\" src=\"https:\/\/agora.xtec.cat\/escolaprovencana\/wp-content\/uploads\/usu2442\/2022\/02\/aula-del-mar.mp4?_=1\" \/><a href=\"https:\/\/agora.xtec.cat\/escolaprovencana\/wp-content\/uploads\/usu2442\/2022\/02\/aula-del-mar.mp4\">https:\/\/agora.xtec.cat\/escolaprovencana\/wp-content\/uploads\/usu2442\/2022\/02\/aula-del-mar.mp4<\/a><\/video><\/div>\n<p>&nbsp;<\/p>\n<p>&nbsp;<\/p>\n","protected":false},"excerpt":{"rendered":"<p>El dia 26 de gener va venir a la nostra\u00a0 aula la Berta, de l&#8217;Aula del Mar i amb el taller &#8220;Un mar de pl\u00e0stics&#8221; vam aprendre com podem ajudar a mantenir net el mar. Vam fer un dossier i tamb\u00e9 un treball pl\u00e0stic amb&hellip;  <a href=\"https:\/\/agora.xtec.cat\/escolaprovencana\/primaria\/3r\/laula-del-mar\/\" title=\"Read L&#8217;AULA DEL MAR\">Llegeix m\u00e9s\u00bb<\/a><\/p>\n","protected":false},"author":1,"featured_media":0,"comment_status":"open","ping_status":"closed","sticky":false,"template":"","format":"standard","meta":{"_bbp_topic_count":0,"_bbp_reply_count":0,"_bbp_total_topic_count":0,"_bbp_total_reply_count":0,"_bbp_voice_count":0,"_bbp_anonymous_reply_count":0,"_bbp_topic_count_hidden":0,"_bbp_reply_count_hidden":0,"_bbp_forum_subforum_count":0,"footnotes":""},"categories":[12],"tags":[],"class_list":["post-1566","post","type-post","status-publish","format-standard","hentry","category-3r"],"post_mailing_queue_ids":[],"_links":{"self":[{"href":"https:\/\/agora.xtec.cat\/escolaprovencana\/wp-json\/wp\/v2\/posts\/1566","targetHints":{"allow":["GET"]}}],"collection":[{"href":"https:\/\/agora.xtec.cat\/escolaprovencana\/wp-json\/wp\/v2\/posts"}],"about":[{"href":"https:\/\/agora.xtec.cat\/escolaprovencana\/wp-json\/wp\/v2\/types\/post"}],"author":[{"embeddable":true,"href":"https:\/\/agora.xtec.cat\/escolaprovencana\/wp-json\/wp\/v2\/users\/1"}],"replies":[{"embeddable":true,"href":"https:\/\/agora.xtec.cat\/escolaprovencana\/wp-json\/wp\/v2\/comments?post=1566"}],"version-history":[{"count":3,"href":"https:\/\/agora.xtec.cat\/escolaprovencana\/wp-json\/wp\/v2\/posts\/1566\/revisions"}],"predecessor-version":[{"id":1575,"href":"https:\/\/agora.xtec.cat\/escolaprovencana\/wp-json\/wp\/v2\/posts\/1566\/revisions\/1575"}],"wp:attachment":[{"href":"https:\/\/agora.xtec.cat\/escolaprovencana\/wp-json\/wp\/v2\/media?parent=1566"}],"wp:term":[{"taxonomy":"category","embeddable":true,"href":"https:\/\/agora.xtec.cat\/escolaprovencana\/wp-json\/wp\/v2\/categories?post=1566"},{"taxonomy":"post_tag","embeddable":true,"href":"https:\/\/agora.xtec.cat\/escolaprovencana\/wp-json\/wp\/v2\/tags?post=1566"}],"curies":[{"name":"wp","href":"https:\/\/api.w.org\/{rel}","templated":true}]}}