{"id":1477,"date":"2022-01-31T13:21:20","date_gmt":"2022-01-31T12:21:20","guid":{"rendered":"https:\/\/agora.xtec.cat\/escolaprovencana\/?p=1477"},"modified":"2022-01-31T13:21:20","modified_gmt":"2022-01-31T12:21:20","slug":"100tifiques","status":"publish","type":"post","link":"https:\/\/agora.xtec.cat\/escolaprovencana\/primaria\/6e\/100tifiques\/","title":{"rendered":"#100t\u00edfiques"},"content":{"rendered":"<p align=\"justify\"><span style=\"color: #000000\"><span style=\"font-family: Arial, sans-serif\"><span style=\"font-size: medium\"><strong>Els alumnes de 6<\/strong><\/span><\/span><\/span><span style=\"color: #000000\"><sup><span style=\"font-family: Arial, sans-serif\"><span style=\"font-size: medium\"><strong>\u00e8<\/strong><\/span><\/span><\/sup><\/span><span style=\"color: #000000\"><span style=\"font-family: Arial, sans-serif\"><span style=\"font-size: medium\"><strong> participem en el projecte <\/strong><\/span><\/span><\/span><span style=\"color: #000000\"><span style=\"font-family: Arial, sans-serif\"><span style=\"font-size: medium\"><i><b><strong>#100t\u00edfiques <\/strong><\/b><\/i><\/span><\/span><\/span><span style=\"color: #000000\"><span style=\"font-family: Arial, sans-serif\"><span style=\"font-size: medium\">que<\/span><\/span><\/span> <span style=\"color: #000000\"><span style=\"font-family: Arial, sans-serif\"><span style=\"font-size: medium\">\u00e9s una iniciativa de la <\/span><\/span><\/span><span style=\"color: #000000\"><span style=\"font-family: Arial, sans-serif\"><span style=\"font-size: medium\"><strong>Fundaci\u00f3 Catalana per a la Recerca i la Innovaci\u00f3 <\/strong><\/span><\/span><\/span><span style=\"color: #000000\"><span style=\"font-family: Arial, sans-serif\"><span style=\"font-size: medium\">(FCRI) i el <\/span><\/span><\/span><a href=\"https:\/\/bist.eu\/\" target=\"_blank\" rel=\"noopener\"><span style=\"color: #000000\"><span style=\"font-family: Arial, sans-serif\"><span style=\"font-size: medium\"><strong>Barcelona Institute of Science and Technology<\/strong><\/span><\/span><\/span><\/a><span style=\"color: #000000\"><span style=\"font-family: Arial, sans-serif\"><span style=\"font-size: medium\"><strong>\u00a0<\/strong><\/span><\/span><\/span><span style=\"color: #000000\"><span style=\"font-family: Arial, sans-serif\"><span style=\"font-size: medium\">(BIST), amb la col\u00b7laboraci\u00f3 del <\/span><\/span><\/span><a href=\"http:\/\/educacio.gencat.cat\/ca\/inici\" target=\"_blank\" rel=\"noopener\"><span style=\"color: #000000\"><span style=\"font-family: Arial, sans-serif\"><span style=\"font-size: medium\"><strong>Departament d\u2019Educaci\u00f3 de la Generalitat de Catalunya<\/strong><\/span><\/span><\/span><\/a><span style=\"color: #000000\"><span style=\"font-family: Arial, sans-serif\"><span style=\"font-size: medium\">.<\/span><\/span><\/span><\/p>\n<p align=\"justify\"><span style=\"color: #000000\"><span style=\"font-family: Arial, sans-serif\"><span style=\"font-size: medium\">L\u2019objectiu del projecte \u00e9s fer visible i destacar la rellev\u00e0ncia i el paper estrat\u00e8gic de les dones a la ci\u00e8ncia i la tecnologia, tot fomentant accions conjuntes entre cient\u00edfiques d\u2019acad\u00e8mia i d\u2019empresa. El programa t\u00e9 la vocaci\u00f3 de fomentar una relaci\u00f3 m\u00e9s directa i rec\u00edproca entre la ci\u00e8ncia i la societat, i molt especialment d\u2019incrementar la consci\u00e8ncia d\u2019aquest col\u00b7lectiu i eixamplar-ne l\u2019espai. <\/span><\/span><\/span><\/p>\n<p align=\"justify\"><span style=\"color: #000000\"><span style=\"font-family: Arial, sans-serif\"><span style=\"font-size: medium\">\u00c9s per aix\u00f2 que <\/span><\/span><\/span><span style=\"color: #000000\"><span style=\"font-family: Arial, sans-serif\"><span style=\"font-size: medium\"><u>l\u201911 de febrer<\/u><\/span><\/span><\/span><span style=\"color: #000000\"><span style=\"font-family: Arial, sans-serif\"><span style=\"font-size: medium\">, <\/span><\/span><\/span><span style=\"color: #000000\"><span style=\"font-family: Arial, sans-serif\"><span style=\"font-size: medium\">aprofitant el dia internacional de la dona,<\/span><\/span><\/span><span style=\"color: #000000\"><span style=\"font-family: Arial, sans-serif\"><span style=\"font-size: medium\"> farem una videotrucada on entrevistarem i aprendrem molt amb la Ver\u00f3nica, u<\/span><\/span><\/span><span style=\"color: #222222\"><span style=\"font-family: Arial, sans-serif\"><span style=\"font-size: medium\">na <\/span><\/span><\/span><span style=\"color: #222222\"><span style=\"font-family: Arial, Helvetica, sans-serif\"><span style=\"font-size: medium\">investigadora <\/span><\/span><\/span><span style=\"color: #222222\"><span style=\"font-family: Arial, Helvetica, sans-serif\"><span style=\"font-size: medium\">del <\/span><\/span><\/span><span style=\"color: #222222\"><span style=\"font-family: Arial, Helvetica, sans-serif\"><span style=\"font-size: medium\">Centre de Regulaci\u00f3 Gen\u00f2mica <\/span><\/span><\/span><span style=\"color: #222222\"><span style=\"font-family: Arial, Helvetica, sans-serif\"><span style=\"font-size: medium\">(CRG)<\/span><\/span><\/span><span style=\"color: #222222\"><span style=\"font-family: Arial, Helvetica, sans-serif\"><span style=\"font-size: medium\">.<\/span><\/span><\/span><\/p>\n<p align=\"justify\"><img loading=\"lazy\" decoding=\"async\" class=\"aligncenter\" src=\"https:\/\/serveiseducatius.xtec.cat\/baixllobregat1\/wp-content\/uploads\/usu767\/2020\/02\/100t%C3%ADfiques-e1581511676505.jpg\" alt=\"Confer\u00e8ncies 100t\u00edfiques 2020 | Servei Educatiu Baix Llobregat 1\" width=\"514\" height=\"253\" \/><\/p>\n","protected":false},"excerpt":{"rendered":"<p>Els alumnes de 6\u00e8 participem en el projecte #100t\u00edfiques que \u00e9s una iniciativa de la Fundaci\u00f3 Catalana per a la Recerca i la Innovaci\u00f3 (FCRI) i el <a href=\"https:\/\/bist.eu\/\" target=\"_blank\" rel=\"noopener\">Barcelona Institute of Science and Technology<\/a>\u00a0(BIST), amb la col\u00b7laboraci\u00f3 del <a href=\"http:\/\/educacio.gencat.cat\/ca\/inici\" target=\"_blank\" rel=\"noopener\">Departament d\u2019Educaci\u00f3&hellip;  <a href=\"https:\/\/agora.xtec.cat\/escolaprovencana\/primaria\/6e\/100tifiques\/\" title=\"Read #100t\u00edfiques\">Llegeix m\u00e9s\u00bb<\/a><\/p>\n","protected":false},"author":1,"featured_media":0,"comment_status":"closed","ping_status":"closed","sticky":false,"template":"","format":"standard","meta":{"_bbp_topic_count":0,"_bbp_reply_count":0,"_bbp_total_topic_count":0,"_bbp_total_reply_count":0,"_bbp_voice_count":0,"_bbp_anonymous_reply_count":0,"_bbp_topic_count_hidden":0,"_bbp_reply_count_hidden":0,"_bbp_forum_subforum_count":0,"footnotes":""},"categories":[15],"tags":[],"class_list":["post-1477","post","type-post","status-publish","format-standard","hentry","category-6e"],"post_mailing_queue_ids":[],"_links":{"self":[{"href":"https:\/\/agora.xtec.cat\/escolaprovencana\/wp-json\/wp\/v2\/posts\/1477","targetHints":{"allow":["GET"]}}],"collection":[{"href":"https:\/\/agora.xtec.cat\/escolaprovencana\/wp-json\/wp\/v2\/posts"}],"about":[{"href":"https:\/\/agora.xtec.cat\/escolaprovencana\/wp-json\/wp\/v2\/types\/post"}],"author":[{"embeddable":true,"href":"https:\/\/agora.xtec.cat\/escolaprovencana\/wp-json\/wp\/v2\/users\/1"}],"replies":[{"embeddable":true,"href":"https:\/\/agora.xtec.cat\/escolaprovencana\/wp-json\/wp\/v2\/comments?post=1477"}],"version-history":[{"count":3,"href":"https:\/\/agora.xtec.cat\/escolaprovencana\/wp-json\/wp\/v2\/posts\/1477\/revisions"}],"predecessor-version":[{"id":1485,"href":"https:\/\/agora.xtec.cat\/escolaprovencana\/wp-json\/wp\/v2\/posts\/1477\/revisions\/1485"}],"wp:attachment":[{"href":"https:\/\/agora.xtec.cat\/escolaprovencana\/wp-json\/wp\/v2\/media?parent=1477"}],"wp:term":[{"taxonomy":"category","embeddable":true,"href":"https:\/\/agora.xtec.cat\/escolaprovencana\/wp-json\/wp\/v2\/categories?post=1477"},{"taxonomy":"post_tag","embeddable":true,"href":"https:\/\/agora.xtec.cat\/escolaprovencana\/wp-json\/wp\/v2\/tags?post=1477"}],"curies":[{"name":"wp","href":"https:\/\/api.w.org\/{rel}","templated":true}]}}