{"id":1431,"date":"2022-01-28T13:47:19","date_gmt":"2022-01-28T12:47:19","guid":{"rendered":"https:\/\/agora.xtec.cat\/escolaprovencana\/?p=1431"},"modified":"2022-02-01T22:59:59","modified_gmt":"2022-02-01T21:59:59","slug":"portes-obertes-2022","status":"publish","type":"post","link":"https:\/\/agora.xtec.cat\/escolaprovencana\/general\/portes-obertes-2022\/","title":{"rendered":"PORTES OBERTES 2022"},"content":{"rendered":"<p>Les jornades de portes obertes es realitzaran aquest curs de forma <strong>telem\u00e0tica<\/strong> degut a la situaci\u00f3 actual en qu\u00e8 ens trobem. La nostra escola realitzar\u00e0 dues sessions:<\/p>\n<p style=\"text-align: center;\"><strong>DIMECRES 2 DE MAR\u00c7\u00a0 A LES 15:15h <\/strong><\/p>\n<p style=\"text-align: center;\"><strong>DIJOUS 3 DE MAR\u00c7 A LES 17:00h<\/strong><\/p>\n<p style=\"text-align: center;\">Cliqueu la imatge per apuntar-vos a les jornades informatives. Tamb\u00e9 ho podeu fer enviant un correu electr\u00f2nic a l&#8217;adre\u00e7a <strong>a8019290@xtec.cat<\/strong><\/p>\n<p><a href=\"https:\/\/forms.gle\/pkQgsPQ7CdqBbuY17\" target=\"_blank\" rel=\"noopener\"><img loading=\"lazy\" decoding=\"async\" class=\"aligncenter wp-image-1502 \" src=\"https:\/\/agora.xtec.cat\/escolaprovencana\/wp-content\/uploads\/usu2442\/2022\/02\/Cartell-212x300.png\" alt=\"\" width=\"350\" height=\"495\" srcset=\"https:\/\/agora.xtec.cat\/escolaprovencana\/wp-content\/uploads\/usu2442\/2022\/02\/Cartell-212x300.png 212w, https:\/\/agora.xtec.cat\/escolaprovencana\/wp-content\/uploads\/usu2442\/2022\/02\/Cartell-724x1024.png 724w, https:\/\/agora.xtec.cat\/escolaprovencana\/wp-content\/uploads\/usu2442\/2022\/02\/Cartell-768x1086.png 768w, https:\/\/agora.xtec.cat\/escolaprovencana\/wp-content\/uploads\/usu2442\/2022\/02\/Cartell-1086x1536.png 1086w, https:\/\/agora.xtec.cat\/escolaprovencana\/wp-content\/uploads\/usu2442\/2022\/02\/Cartell-1448x2048.png 1448w, https:\/\/agora.xtec.cat\/escolaprovencana\/wp-content\/uploads\/usu2442\/2022\/02\/Cartell.png 1587w\" sizes=\"auto, (max-width: 350px) 100vw, 350px\" \/><\/a><\/p>\n<p>&nbsp;<\/p>\n<p>Us compartim el calendari de les portes obertes de les escoles p\u00fabliques de Santa Eul\u00e0lia.<\/p>\n<p><img loading=\"lazy\" decoding=\"async\" class=\"aligncenter size-full wp-image-1498\" src=\"https:\/\/agora.xtec.cat\/escolaprovencana\/wp-content\/uploads\/usu2442\/2022\/01\/OK_HORARI-P.OBERTES_ESCOLES-S.EULALIA-2021-22.jpg\" alt=\"\" width=\"480\" height=\"471\" srcset=\"https:\/\/agora.xtec.cat\/escolaprovencana\/wp-content\/uploads\/usu2442\/2022\/01\/OK_HORARI-P.OBERTES_ESCOLES-S.EULALIA-2021-22.jpg 480w, https:\/\/agora.xtec.cat\/escolaprovencana\/wp-content\/uploads\/usu2442\/2022\/01\/OK_HORARI-P.OBERTES_ESCOLES-S.EULALIA-2021-22-300x294.jpg 300w\" sizes=\"auto, (max-width: 480px) 100vw, 480px\" \/><\/p>\n<p>&nbsp;<\/p>\n","protected":false},"excerpt":{"rendered":"<p>Les jornades de portes obertes es realitzaran aquest curs de forma telem\u00e0tica degut a la situaci\u00f3 actual en qu\u00e8 ens trobem. La nostra escola realitzar\u00e0 dues sessions:<br \/>\nDIMECRES 2 DE MAR\u00c7\u00a0 A LES 15:15h<br \/>\nDIJOUS 3 DE MAR\u00c7 A LES 17:00h<br \/>\nCliqueu la imatge per apuntar-vos a&hellip;  <a href=\"https:\/\/agora.xtec.cat\/escolaprovencana\/general\/portes-obertes-2022\/\" title=\"Read PORTES OBERTES 2022\">Llegeix m\u00e9s\u00bb<\/a><\/p>\n","protected":false},"author":1,"featured_media":0,"comment_status":"closed","ping_status":"closed","sticky":false,"template":"","format":"standard","meta":{"_bbp_topic_count":0,"_bbp_reply_count":0,"_bbp_total_topic_count":0,"_bbp_total_reply_count":0,"_bbp_voice_count":0,"_bbp_anonymous_reply_count":0,"_bbp_topic_count_hidden":0,"_bbp_reply_count_hidden":0,"_bbp_forum_subforum_count":0,"footnotes":""},"categories":[1,3,2,108,102,5],"tags":[82,66,89,104,107,103,88],"class_list":["post-1431","post","type-post","status-publish","format-standard","hentry","category-general","category-i3","category-infantil","category-portes-obertes","category-preinscripcio-i-matricula-curs-2022-2023","category-primaria","tag-families","tag-i3","tag-infantil","tag-matricula","tag-portes-obertes","tag-preinscripcio","tag-primaria"],"post_mailing_queue_ids":[],"_links":{"self":[{"href":"https:\/\/agora.xtec.cat\/escolaprovencana\/wp-json\/wp\/v2\/posts\/1431","targetHints":{"allow":["GET"]}}],"collection":[{"href":"https:\/\/agora.xtec.cat\/escolaprovencana\/wp-json\/wp\/v2\/posts"}],"about":[{"href":"https:\/\/agora.xtec.cat\/escolaprovencana\/wp-json\/wp\/v2\/types\/post"}],"author":[{"embeddable":true,"href":"https:\/\/agora.xtec.cat\/escolaprovencana\/wp-json\/wp\/v2\/users\/1"}],"replies":[{"embeddable":true,"href":"https:\/\/agora.xtec.cat\/escolaprovencana\/wp-json\/wp\/v2\/comments?post=1431"}],"version-history":[{"count":3,"href":"https:\/\/agora.xtec.cat\/escolaprovencana\/wp-json\/wp\/v2\/posts\/1431\/revisions"}],"predecessor-version":[{"id":1530,"href":"https:\/\/agora.xtec.cat\/escolaprovencana\/wp-json\/wp\/v2\/posts\/1431\/revisions\/1530"}],"wp:attachment":[{"href":"https:\/\/agora.xtec.cat\/escolaprovencana\/wp-json\/wp\/v2\/media?parent=1431"}],"wp:term":[{"taxonomy":"category","embeddable":true,"href":"https:\/\/agora.xtec.cat\/escolaprovencana\/wp-json\/wp\/v2\/categories?post=1431"},{"taxonomy":"post_tag","embeddable":true,"href":"https:\/\/agora.xtec.cat\/escolaprovencana\/wp-json\/wp\/v2\/tags?post=1431"}],"curies":[{"name":"wp","href":"https:\/\/api.w.org\/{rel}","templated":true}]}}