{"id":1306,"date":"2021-12-20T13:25:11","date_gmt":"2021-12-20T12:25:11","guid":{"rendered":"https:\/\/agora.xtec.cat\/escolaprovencana\/?p=1306"},"modified":"2021-12-20T13:36:10","modified_gmt":"2021-12-20T12:36:10","slug":"la-tardor","status":"publish","type":"post","link":"https:\/\/agora.xtec.cat\/escolaprovencana\/infantil\/i3\/la-tardor\/","title":{"rendered":"La tardor"},"content":{"rendered":"<p>Des que vam comen\u00e7ar l&#8217;escola hem estat treballant a l&#8217;aula aquesta fant\u00e0stica estaci\u00f3 que estem vivint: LA TARDOR. Hem descobert moltes coses relacionades amb ella i us deixem un recull de fotograf\u00edes per tal que en gaudiu en fam\u00edlia.<\/p>\n<p><iframe loading=\"lazy\" src=\"https:\/\/player.vimeo.com\/video\/658566244\" width=\"640\" height=\"564\" frameborder=\"0\"><\/iframe><\/p>\n","protected":false},"excerpt":{"rendered":"<p>Des que vam comen\u00e7ar l&#8217;escola hem estat treballant a l&#8217;aula aquesta fant\u00e0stica estaci\u00f3 que estem vivint: LA TARDOR. Hem descobert moltes coses relacionades amb ella i us deixem un recull de fotograf\u00edes per tal que en gaudiu en fam\u00edlia.<\/p>\n","protected":false},"author":16,"featured_media":1313,"comment_status":"open","ping_status":"closed","sticky":false,"template":"","format":"standard","meta":{"_bbp_topic_count":0,"_bbp_reply_count":0,"_bbp_total_topic_count":0,"_bbp_total_reply_count":0,"_bbp_voice_count":0,"_bbp_anonymous_reply_count":0,"_bbp_topic_count_hidden":0,"_bbp_reply_count_hidden":0,"_bbp_forum_subforum_count":0,"footnotes":""},"categories":[3],"tags":[],"class_list":["post-1306","post","type-post","status-publish","format-standard","has-post-thumbnail","hentry","category-i3"],"post_mailing_queue_ids":[],"_links":{"self":[{"href":"https:\/\/agora.xtec.cat\/escolaprovencana\/wp-json\/wp\/v2\/posts\/1306","targetHints":{"allow":["GET"]}}],"collection":[{"href":"https:\/\/agora.xtec.cat\/escolaprovencana\/wp-json\/wp\/v2\/posts"}],"about":[{"href":"https:\/\/agora.xtec.cat\/escolaprovencana\/wp-json\/wp\/v2\/types\/post"}],"author":[{"embeddable":true,"href":"https:\/\/agora.xtec.cat\/escolaprovencana\/wp-json\/wp\/v2\/users\/16"}],"replies":[{"embeddable":true,"href":"https:\/\/agora.xtec.cat\/escolaprovencana\/wp-json\/wp\/v2\/comments?post=1306"}],"version-history":[{"count":1,"href":"https:\/\/agora.xtec.cat\/escolaprovencana\/wp-json\/wp\/v2\/posts\/1306\/revisions"}],"predecessor-version":[{"id":1307,"href":"https:\/\/agora.xtec.cat\/escolaprovencana\/wp-json\/wp\/v2\/posts\/1306\/revisions\/1307"}],"wp:featuredmedia":[{"embeddable":true,"href":"https:\/\/agora.xtec.cat\/escolaprovencana\/wp-json\/wp\/v2\/media\/1313"}],"wp:attachment":[{"href":"https:\/\/agora.xtec.cat\/escolaprovencana\/wp-json\/wp\/v2\/media?parent=1306"}],"wp:term":[{"taxonomy":"category","embeddable":true,"href":"https:\/\/agora.xtec.cat\/escolaprovencana\/wp-json\/wp\/v2\/categories?post=1306"},{"taxonomy":"post_tag","embeddable":true,"href":"https:\/\/agora.xtec.cat\/escolaprovencana\/wp-json\/wp\/v2\/tags?post=1306"}],"curies":[{"name":"wp","href":"https:\/\/api.w.org\/{rel}","templated":true}]}}