{"id":1299,"date":"2021-12-20T13:21:16","date_gmt":"2021-12-20T12:21:16","guid":{"rendered":"https:\/\/agora.xtec.cat\/escolaprovencana\/?p=1299"},"modified":"2021-12-20T13:39:02","modified_gmt":"2021-12-20T12:39:02","slug":"tabalets-treballadors","status":"publish","type":"post","link":"https:\/\/agora.xtec.cat\/escolaprovencana\/infantil\/i3\/tabalets-treballadors\/","title":{"rendered":"Qu\u00e8 fem a l&#8217;escola?"},"content":{"rendered":"<p>Fam\u00edlies, voleu veure totes les coses que estem aprenent a l&#8217;escola?<br \/>\nAqu\u00ed us deixem un v\u00eddeo per gaudir de les activitats que fem amb els tabalets i aix\u00ed tamb\u00e9 les podeu aprofitar perqu\u00e8 ells i elles us expliquin m\u00e9s detalls mentre en feu la reproducci\u00f3 \ud83d\ude42<\/p>\n<p><iframe loading=\"lazy\" src=\"https:\/\/player.vimeo.com\/video\/658566061\" width=\"640\" height=\"564\" frameborder=\"0\"><\/iframe><\/p>\n","protected":false},"excerpt":{"rendered":"<p>Fam\u00edlies, voleu veure totes les coses que estem aprenent a l&#8217;escola?<br \/>\nAqu\u00ed us deixem un v\u00eddeo per gaudir de les activitats que fem amb els tabalets i aix\u00ed tamb\u00e9 les podeu aprofitar perqu\u00e8 ells i elles us expliquin m\u00e9s detalls mentre en feu la reproducci\u00f3 \ud83d\ude42<\/p>\n","protected":false},"author":16,"featured_media":1314,"comment_status":"open","ping_status":"closed","sticky":false,"template":"","format":"standard","meta":{"_bbp_topic_count":0,"_bbp_reply_count":0,"_bbp_total_topic_count":0,"_bbp_total_reply_count":0,"_bbp_voice_count":0,"_bbp_anonymous_reply_count":0,"_bbp_topic_count_hidden":0,"_bbp_reply_count_hidden":0,"_bbp_forum_subforum_count":0,"footnotes":""},"categories":[3],"tags":[],"class_list":["post-1299","post","type-post","status-publish","format-standard","has-post-thumbnail","hentry","category-i3"],"post_mailing_queue_ids":[],"_links":{"self":[{"href":"https:\/\/agora.xtec.cat\/escolaprovencana\/wp-json\/wp\/v2\/posts\/1299","targetHints":{"allow":["GET"]}}],"collection":[{"href":"https:\/\/agora.xtec.cat\/escolaprovencana\/wp-json\/wp\/v2\/posts"}],"about":[{"href":"https:\/\/agora.xtec.cat\/escolaprovencana\/wp-json\/wp\/v2\/types\/post"}],"author":[{"embeddable":true,"href":"https:\/\/agora.xtec.cat\/escolaprovencana\/wp-json\/wp\/v2\/users\/16"}],"replies":[{"embeddable":true,"href":"https:\/\/agora.xtec.cat\/escolaprovencana\/wp-json\/wp\/v2\/comments?post=1299"}],"version-history":[{"count":3,"href":"https:\/\/agora.xtec.cat\/escolaprovencana\/wp-json\/wp\/v2\/posts\/1299\/revisions"}],"predecessor-version":[{"id":1318,"href":"https:\/\/agora.xtec.cat\/escolaprovencana\/wp-json\/wp\/v2\/posts\/1299\/revisions\/1318"}],"wp:featuredmedia":[{"embeddable":true,"href":"https:\/\/agora.xtec.cat\/escolaprovencana\/wp-json\/wp\/v2\/media\/1314"}],"wp:attachment":[{"href":"https:\/\/agora.xtec.cat\/escolaprovencana\/wp-json\/wp\/v2\/media?parent=1299"}],"wp:term":[{"taxonomy":"category","embeddable":true,"href":"https:\/\/agora.xtec.cat\/escolaprovencana\/wp-json\/wp\/v2\/categories?post=1299"},{"taxonomy":"post_tag","embeddable":true,"href":"https:\/\/agora.xtec.cat\/escolaprovencana\/wp-json\/wp\/v2\/tags?post=1299"}],"curies":[{"name":"wp","href":"https:\/\/api.w.org\/{rel}","templated":true}]}}