{"id":1273,"date":"2021-12-14T21:16:14","date_gmt":"2021-12-14T20:16:14","guid":{"rendered":"https:\/\/agora.xtec.cat\/escolaprovencana\/?p=1273"},"modified":"2021-12-14T21:26:17","modified_gmt":"2021-12-14T20:26:17","slug":"music-de-la-setmana-2","status":"publish","type":"post","link":"https:\/\/agora.xtec.cat\/escolaprovencana\/infantil\/i5\/music-de-la-setmana-2\/","title":{"rendered":"M\u00fasic de la setmana"},"content":{"rendered":"<p>Ja s&#8217;acaba el trimestre i a m\u00fasica ens ho hem passat d&#8217;all\u00f2 m\u00e9s b\u00e9 \ud83d\ude00<\/p>\n<p>Hem tingut a grans m\u00fasics protagonistes que ens han donat l&#8217;oportunitat d&#8217;aprendre el nom d&#8217;alguns instruments, saber la seva hist\u00f2ria, con\u00e8ixer algunes can\u00e7ons, els hem pogut tocar, treballar els ritmes i hem pogut con\u00e8ixer molts m\u00e9s detalls que hem descobert a cada sessi\u00f3&#8230;<\/p>\n<p>Hem explorat el Djembe, el sonall, la flauta, els cascavells, la guitarra, la trompeta i una audici\u00f3 preciosa de piano de Richard Clayderman.<\/p>\n<p>Moltes gr\u00e0cies, al Gener seguirem descobrint a m\u00e9s m\u00fasics fant\u00e0stics!<\/p>\n<p><a href=\"https:\/\/agora.xtec.cat\/escolaprovencana\/wp-content\/uploads\/usu2442\/2021\/12\/08C8AC2D-C350-4B90-A412-7706241481CE.png\"><img loading=\"lazy\" decoding=\"async\" class=\"alignnone size-full wp-image-1274\" src=\"https:\/\/agora.xtec.cat\/escolaprovencana\/wp-content\/uploads\/usu2442\/2021\/12\/08C8AC2D-C350-4B90-A412-7706241481CE.png\" alt=\"\" width=\"874\" height=\"620\" srcset=\"https:\/\/agora.xtec.cat\/escolaprovencana\/wp-content\/uploads\/usu2442\/2021\/12\/08C8AC2D-C350-4B90-A412-7706241481CE.png 874w, https:\/\/agora.xtec.cat\/escolaprovencana\/wp-content\/uploads\/usu2442\/2021\/12\/08C8AC2D-C350-4B90-A412-7706241481CE-300x213.png 300w, https:\/\/agora.xtec.cat\/escolaprovencana\/wp-content\/uploads\/usu2442\/2021\/12\/08C8AC2D-C350-4B90-A412-7706241481CE-768x545.png 768w\" sizes=\"auto, (max-width: 874px) 100vw, 874px\" \/><\/a><\/p>\n","protected":false},"excerpt":{"rendered":"<p>Ja s&#8217;acaba el trimestre i a m\u00fasica ens ho hem passat d&#8217;all\u00f2 m\u00e9s b\u00e9 \ud83d\ude00<br \/>\nHem tingut a grans m\u00fasics protagonistes que ens han donat l&#8217;oportunitat d&#8217;aprendre el nom d&#8217;alguns instruments, saber la seva hist\u00f2ria, con\u00e8ixer algunes can\u00e7ons, els hem pogut tocar, treballar els ritmes i&hellip;  <a href=\"https:\/\/agora.xtec.cat\/escolaprovencana\/infantil\/i5\/music-de-la-setmana-2\/\" title=\"Read M\u00fasic de la setmana\">Llegeix m\u00e9s\u00bb<\/a><\/p>\n","protected":false},"author":16,"featured_media":1274,"comment_status":"open","ping_status":"closed","sticky":false,"template":"","format":"standard","meta":{"_bbp_topic_count":0,"_bbp_reply_count":0,"_bbp_total_topic_count":0,"_bbp_total_reply_count":0,"_bbp_voice_count":0,"_bbp_anonymous_reply_count":0,"_bbp_topic_count_hidden":0,"_bbp_reply_count_hidden":0,"_bbp_forum_subforum_count":0,"footnotes":""},"categories":[9],"tags":[],"class_list":["post-1273","post","type-post","status-publish","format-standard","has-post-thumbnail","hentry","category-i5"],"post_mailing_queue_ids":[],"_links":{"self":[{"href":"https:\/\/agora.xtec.cat\/escolaprovencana\/wp-json\/wp\/v2\/posts\/1273","targetHints":{"allow":["GET"]}}],"collection":[{"href":"https:\/\/agora.xtec.cat\/escolaprovencana\/wp-json\/wp\/v2\/posts"}],"about":[{"href":"https:\/\/agora.xtec.cat\/escolaprovencana\/wp-json\/wp\/v2\/types\/post"}],"author":[{"embeddable":true,"href":"https:\/\/agora.xtec.cat\/escolaprovencana\/wp-json\/wp\/v2\/users\/16"}],"replies":[{"embeddable":true,"href":"https:\/\/agora.xtec.cat\/escolaprovencana\/wp-json\/wp\/v2\/comments?post=1273"}],"version-history":[{"count":3,"href":"https:\/\/agora.xtec.cat\/escolaprovencana\/wp-json\/wp\/v2\/posts\/1273\/revisions"}],"predecessor-version":[{"id":1279,"href":"https:\/\/agora.xtec.cat\/escolaprovencana\/wp-json\/wp\/v2\/posts\/1273\/revisions\/1279"}],"wp:featuredmedia":[{"embeddable":true,"href":"https:\/\/agora.xtec.cat\/escolaprovencana\/wp-json\/wp\/v2\/media\/1274"}],"wp:attachment":[{"href":"https:\/\/agora.xtec.cat\/escolaprovencana\/wp-json\/wp\/v2\/media?parent=1273"}],"wp:term":[{"taxonomy":"category","embeddable":true,"href":"https:\/\/agora.xtec.cat\/escolaprovencana\/wp-json\/wp\/v2\/categories?post=1273"},{"taxonomy":"post_tag","embeddable":true,"href":"https:\/\/agora.xtec.cat\/escolaprovencana\/wp-json\/wp\/v2\/tags?post=1273"}],"curies":[{"name":"wp","href":"https:\/\/api.w.org\/{rel}","templated":true}]}}