{"id":1267,"date":"2021-12-13T15:54:42","date_gmt":"2021-12-13T14:54:42","guid":{"rendered":"https:\/\/agora.xtec.cat\/escolaprovencana\/?p=1267"},"modified":"2021-12-14T21:27:00","modified_gmt":"2021-12-14T20:27:00","slug":"music-de-la-setmana","status":"publish","type":"post","link":"https:\/\/agora.xtec.cat\/escolaprovencana\/infantil\/i4\/music-de-la-setmana\/","title":{"rendered":"M\u00fasic de la setmana"},"content":{"rendered":"<p>Ja s&#8217;acaba el trimestre i a m\u00fasica ens ho hem passat d&#8217;all\u00f2 m\u00e9s b\u00e9 \ud83d\ude42<\/p>\n<p>Hem tingut a grans m\u00fasics protagonistes que ens han donat l&#8217;oportunitat d&#8217;aprendre el nom d&#8217;alguns instruments, saber la seva hist\u00f2ria, con\u00e8ixer algunes can\u00e7ons, els hem pogut tocar i hem pogut con\u00e8ixer molts m\u00e9s detalls que hem descobert a cada sessi\u00f3&#8230;<\/p>\n<p>Hem explorat la Guitarra, la Maraca, el Timbal, el Piano, les Castanyoles i una audici\u00f3 preciosa de Piano i Contrabaix.<\/p>\n<p>Moltes gr\u00e0cies, al Gener seguirem descobrint a m\u00e9s m\u00fasics fant\u00e0stics!<\/p>\n<p><a href=\"https:\/\/agora.xtec.cat\/escolaprovencana\/wp-content\/uploads\/usu2442\/2021\/12\/109F2B6D-8243-4FC4-BA91-C60E1D5BF1F5.png\"><img loading=\"lazy\" decoding=\"async\" class=\"alignnone size-full wp-image-1268\" src=\"https:\/\/agora.xtec.cat\/escolaprovencana\/wp-content\/uploads\/usu2442\/2021\/12\/109F2B6D-8243-4FC4-BA91-C60E1D5BF1F5.png\" alt=\"\" width=\"874\" height=\"620\" srcset=\"https:\/\/agora.xtec.cat\/escolaprovencana\/wp-content\/uploads\/usu2442\/2021\/12\/109F2B6D-8243-4FC4-BA91-C60E1D5BF1F5.png 874w, https:\/\/agora.xtec.cat\/escolaprovencana\/wp-content\/uploads\/usu2442\/2021\/12\/109F2B6D-8243-4FC4-BA91-C60E1D5BF1F5-300x213.png 300w, https:\/\/agora.xtec.cat\/escolaprovencana\/wp-content\/uploads\/usu2442\/2021\/12\/109F2B6D-8243-4FC4-BA91-C60E1D5BF1F5-768x545.png 768w\" sizes=\"auto, (max-width: 874px) 100vw, 874px\" \/><\/a><\/p>\n<p>&nbsp;<\/p>\n","protected":false},"excerpt":{"rendered":"<p>Ja s&#8217;acaba el trimestre i a m\u00fasica ens ho hem passat d&#8217;all\u00f2 m\u00e9s b\u00e9 \ud83d\ude42<br \/>\nHem tingut a grans m\u00fasics protagonistes que ens han donat l&#8217;oportunitat d&#8217;aprendre el nom d&#8217;alguns instruments, saber la seva hist\u00f2ria, con\u00e8ixer algunes can\u00e7ons, els hem pogut tocar i hem pogut con\u00e8ixer&hellip;  <a href=\"https:\/\/agora.xtec.cat\/escolaprovencana\/infantil\/i4\/music-de-la-setmana\/\" title=\"Read M\u00fasic de la setmana\">Llegeix m\u00e9s\u00bb<\/a><\/p>\n","protected":false},"author":16,"featured_media":1268,"comment_status":"open","ping_status":"closed","sticky":false,"template":"","format":"standard","meta":{"_bbp_topic_count":0,"_bbp_reply_count":0,"_bbp_total_topic_count":0,"_bbp_total_reply_count":0,"_bbp_voice_count":0,"_bbp_anonymous_reply_count":0,"_bbp_topic_count_hidden":0,"_bbp_reply_count_hidden":0,"_bbp_forum_subforum_count":0,"footnotes":""},"categories":[8],"tags":[],"class_list":["post-1267","post","type-post","status-publish","format-standard","has-post-thumbnail","hentry","category-i4"],"post_mailing_queue_ids":[],"_links":{"self":[{"href":"https:\/\/agora.xtec.cat\/escolaprovencana\/wp-json\/wp\/v2\/posts\/1267","targetHints":{"allow":["GET"]}}],"collection":[{"href":"https:\/\/agora.xtec.cat\/escolaprovencana\/wp-json\/wp\/v2\/posts"}],"about":[{"href":"https:\/\/agora.xtec.cat\/escolaprovencana\/wp-json\/wp\/v2\/types\/post"}],"author":[{"embeddable":true,"href":"https:\/\/agora.xtec.cat\/escolaprovencana\/wp-json\/wp\/v2\/users\/16"}],"replies":[{"embeddable":true,"href":"https:\/\/agora.xtec.cat\/escolaprovencana\/wp-json\/wp\/v2\/comments?post=1267"}],"version-history":[{"count":3,"href":"https:\/\/agora.xtec.cat\/escolaprovencana\/wp-json\/wp\/v2\/posts\/1267\/revisions"}],"predecessor-version":[{"id":1276,"href":"https:\/\/agora.xtec.cat\/escolaprovencana\/wp-json\/wp\/v2\/posts\/1267\/revisions\/1276"}],"wp:featuredmedia":[{"embeddable":true,"href":"https:\/\/agora.xtec.cat\/escolaprovencana\/wp-json\/wp\/v2\/media\/1268"}],"wp:attachment":[{"href":"https:\/\/agora.xtec.cat\/escolaprovencana\/wp-json\/wp\/v2\/media?parent=1267"}],"wp:term":[{"taxonomy":"category","embeddable":true,"href":"https:\/\/agora.xtec.cat\/escolaprovencana\/wp-json\/wp\/v2\/categories?post=1267"},{"taxonomy":"post_tag","embeddable":true,"href":"https:\/\/agora.xtec.cat\/escolaprovencana\/wp-json\/wp\/v2\/tags?post=1267"}],"curies":[{"name":"wp","href":"https:\/\/api.w.org\/{rel}","templated":true}]}}