{"id":1265,"date":"2021-12-11T17:53:53","date_gmt":"2021-12-11T16:53:53","guid":{"rendered":"https:\/\/agora.xtec.cat\/escolaprovencana\/?p=1265"},"modified":"2021-12-11T17:53:53","modified_gmt":"2021-12-11T16:53:53","slug":"la-porta-de-la-nostra-classe","status":"publish","type":"post","link":"https:\/\/agora.xtec.cat\/escolaprovencana\/infantil\/i4\/la-porta-de-la-nostra-classe\/","title":{"rendered":"LA PORTA DE LA NOSTRA CLASSE"},"content":{"rendered":"<p>Aquesta setmana hem acabat de decorar la nostra porta. Hem pintat entre tots la girafa I les taques. Despr\u00e9s hem escollit una taca I ens hi hem enganxat. Finalment cadasc\u00fa ha pintat una lletra. I aix\u00ed de bonica ens ha quedat. Desitgem que us agradi molt!<a href=\"https:\/\/agora.xtec.cat\/escolaprovencana\/wp-content\/uploads\/usu2442\/2021\/12\/IMG20211210131150-scaled.jpg\"><img loading=\"lazy\" decoding=\"async\" class=\"alignnone size-large wp-image-1261\" src=\"https:\/\/agora.xtec.cat\/escolaprovencana\/wp-content\/uploads\/usu2442\/2021\/12\/IMG20211210131150-617x1024.jpg\" alt=\"\" width=\"617\" height=\"1024\" srcset=\"https:\/\/agora.xtec.cat\/escolaprovencana\/wp-content\/uploads\/usu2442\/2021\/12\/IMG20211210131150-617x1024.jpg 617w, https:\/\/agora.xtec.cat\/escolaprovencana\/wp-content\/uploads\/usu2442\/2021\/12\/IMG20211210131150-181x300.jpg 181w, https:\/\/agora.xtec.cat\/escolaprovencana\/wp-content\/uploads\/usu2442\/2021\/12\/IMG20211210131150-768x1275.jpg 768w, https:\/\/agora.xtec.cat\/escolaprovencana\/wp-content\/uploads\/usu2442\/2021\/12\/IMG20211210131150-925x1536.jpg 925w, https:\/\/agora.xtec.cat\/escolaprovencana\/wp-content\/uploads\/usu2442\/2021\/12\/IMG20211210131150-1234x2048.jpg 1234w, https:\/\/agora.xtec.cat\/escolaprovencana\/wp-content\/uploads\/usu2442\/2021\/12\/IMG20211210131150-scaled.jpg 1542w\" sizes=\"auto, (max-width: 617px) 100vw, 617px\" \/><\/a><\/p>\n","protected":false},"excerpt":{"rendered":"<p>Aquesta setmana hem acabat de decorar la nostra porta. Hem pintat entre tots la girafa I les taques. Despr\u00e9s hem escollit una taca I ens hi hem enganxat. Finalment cadasc\u00fa ha pintat una lletra. I aix\u00ed de bonica ens ha quedat. Desitgem que us agradi&hellip;  <a href=\"https:\/\/agora.xtec.cat\/escolaprovencana\/infantil\/i4\/la-porta-de-la-nostra-classe\/\" title=\"Read LA PORTA DE LA NOSTRA CLASSE\">Llegeix m\u00e9s\u00bb<\/a><\/p>\n","protected":false},"author":1,"featured_media":0,"comment_status":"closed","ping_status":"closed","sticky":false,"template":"","format":"standard","meta":{"_bbp_topic_count":0,"_bbp_reply_count":0,"_bbp_total_topic_count":0,"_bbp_total_reply_count":0,"_bbp_voice_count":0,"_bbp_anonymous_reply_count":0,"_bbp_topic_count_hidden":0,"_bbp_reply_count_hidden":0,"_bbp_forum_subforum_count":0,"footnotes":""},"categories":[8],"tags":[],"class_list":["post-1265","post","type-post","status-publish","format-standard","hentry","category-i4"],"post_mailing_queue_ids":[],"_links":{"self":[{"href":"https:\/\/agora.xtec.cat\/escolaprovencana\/wp-json\/wp\/v2\/posts\/1265","targetHints":{"allow":["GET"]}}],"collection":[{"href":"https:\/\/agora.xtec.cat\/escolaprovencana\/wp-json\/wp\/v2\/posts"}],"about":[{"href":"https:\/\/agora.xtec.cat\/escolaprovencana\/wp-json\/wp\/v2\/types\/post"}],"author":[{"embeddable":true,"href":"https:\/\/agora.xtec.cat\/escolaprovencana\/wp-json\/wp\/v2\/users\/1"}],"replies":[{"embeddable":true,"href":"https:\/\/agora.xtec.cat\/escolaprovencana\/wp-json\/wp\/v2\/comments?post=1265"}],"version-history":[{"count":1,"href":"https:\/\/agora.xtec.cat\/escolaprovencana\/wp-json\/wp\/v2\/posts\/1265\/revisions"}],"predecessor-version":[{"id":1266,"href":"https:\/\/agora.xtec.cat\/escolaprovencana\/wp-json\/wp\/v2\/posts\/1265\/revisions\/1266"}],"wp:attachment":[{"href":"https:\/\/agora.xtec.cat\/escolaprovencana\/wp-json\/wp\/v2\/media?parent=1265"}],"wp:term":[{"taxonomy":"category","embeddable":true,"href":"https:\/\/agora.xtec.cat\/escolaprovencana\/wp-json\/wp\/v2\/categories?post=1265"},{"taxonomy":"post_tag","embeddable":true,"href":"https:\/\/agora.xtec.cat\/escolaprovencana\/wp-json\/wp\/v2\/tags?post=1265"}],"curies":[{"name":"wp","href":"https:\/\/api.w.org\/{rel}","templated":true}]}}