{"id":1242,"date":"2021-11-17T14:00:35","date_gmt":"2021-11-17T13:00:35","guid":{"rendered":"https:\/\/agora.xtec.cat\/escolaprovencana\/?p=1242"},"modified":"2022-01-24T14:56:15","modified_gmt":"2022-01-24T13:56:15","slug":"que-representa-el-treball-per-projectes-a-medi","status":"publish","type":"post","link":"https:\/\/agora.xtec.cat\/escolaprovencana\/primaria\/que-representa-el-treball-per-projectes-a-medi\/","title":{"rendered":"QU\u00c8 REPRESENTA EL TREBALL PER PROJECTES A MEDI?"},"content":{"rendered":"<p>Els nens i nenes de 5\u00e8 han treballat el projecte del pas del temps. El grup de la &#8220;prehist\u00f2ria&#8221; ens explica qu\u00e8 representa per ells haver treballat per projectes.<\/p>\n<p style=\"text-align: center;\"><a href=\"https:\/\/drive.google.com\/file\/d\/17Wu1gNWtgYIPOOgMKX54Bdp5tSf47Tec\/view?usp=sharing\" target=\"_blank\" rel=\"noopener\"><img loading=\"lazy\" decoding=\"async\" class=\"wp-image-1255 size-medium aligncenter\" src=\"https:\/\/agora.xtec.cat\/escolaprovencana\/wp-content\/uploads\/usu2442\/2021\/11\/Tarjeta-Amarillo-y-Carbon-Horizontal-Agradecimiento-Nota-300x243.png\" alt=\"\" width=\"300\" height=\"243\" srcset=\"https:\/\/agora.xtec.cat\/escolaprovencana\/wp-content\/uploads\/usu2442\/2021\/11\/Tarjeta-Amarillo-y-Carbon-Horizontal-Agradecimiento-Nota-300x243.png 300w, https:\/\/agora.xtec.cat\/escolaprovencana\/wp-content\/uploads\/usu2442\/2021\/11\/Tarjeta-Amarillo-y-Carbon-Horizontal-Agradecimiento-Nota-1024x829.png 1024w, https:\/\/agora.xtec.cat\/escolaprovencana\/wp-content\/uploads\/usu2442\/2021\/11\/Tarjeta-Amarillo-y-Carbon-Horizontal-Agradecimiento-Nota-768x622.png 768w, https:\/\/agora.xtec.cat\/escolaprovencana\/wp-content\/uploads\/usu2442\/2021\/11\/Tarjeta-Amarillo-y-Carbon-Horizontal-Agradecimiento-Nota-1536x1243.png 1536w, https:\/\/agora.xtec.cat\/escolaprovencana\/wp-content\/uploads\/usu2442\/2021\/11\/Tarjeta-Amarillo-y-Carbon-Horizontal-Agradecimiento-Nota.png 1575w\" sizes=\"auto, (max-width: 300px) 100vw, 300px\" \/><\/a><\/p>\n","protected":false},"excerpt":{"rendered":"<p>Els nens i nenes de 5\u00e8 han treballat el projecte del pas del temps. El grup de la &#8220;prehist\u00f2ria&#8221; ens explica qu\u00e8 representa per ells haver treballat per projectes.<br \/>\n<a href=\"https:\/\/drive.google.com\/file\/d\/17Wu1gNWtgYIPOOgMKX54Bdp5tSf47Tec\/view?usp=sharing\" target=\"_blank\" rel=\"noopener\"><\/a><\/p>\n","protected":false},"author":1,"featured_media":0,"comment_status":"closed","ping_status":"closed","sticky":false,"template":"","format":"standard","meta":{"_bbp_topic_count":0,"_bbp_reply_count":0,"_bbp_total_topic_count":0,"_bbp_total_reply_count":0,"_bbp_voice_count":0,"_bbp_anonymous_reply_count":0,"_bbp_topic_count_hidden":0,"_bbp_reply_count_hidden":0,"_bbp_forum_subforum_count":0,"footnotes":""},"categories":[14,5,69,92],"tags":[95,94,93,96],"class_list":["post-1242","post","type-post","status-publish","format-standard","hentry","category-5e-b","category-primaria","category-projectes-descola","category-treball-cooperatiu","tag-5e","tag-cicle-superior","tag-projectes","tag-treball-cooperatiu"],"post_mailing_queue_ids":[],"_links":{"self":[{"href":"https:\/\/agora.xtec.cat\/escolaprovencana\/wp-json\/wp\/v2\/posts\/1242","targetHints":{"allow":["GET"]}}],"collection":[{"href":"https:\/\/agora.xtec.cat\/escolaprovencana\/wp-json\/wp\/v2\/posts"}],"about":[{"href":"https:\/\/agora.xtec.cat\/escolaprovencana\/wp-json\/wp\/v2\/types\/post"}],"author":[{"embeddable":true,"href":"https:\/\/agora.xtec.cat\/escolaprovencana\/wp-json\/wp\/v2\/users\/1"}],"replies":[{"embeddable":true,"href":"https:\/\/agora.xtec.cat\/escolaprovencana\/wp-json\/wp\/v2\/comments?post=1242"}],"version-history":[{"count":3,"href":"https:\/\/agora.xtec.cat\/escolaprovencana\/wp-json\/wp\/v2\/posts\/1242\/revisions"}],"predecessor-version":[{"id":1259,"href":"https:\/\/agora.xtec.cat\/escolaprovencana\/wp-json\/wp\/v2\/posts\/1242\/revisions\/1259"}],"wp:attachment":[{"href":"https:\/\/agora.xtec.cat\/escolaprovencana\/wp-json\/wp\/v2\/media?parent=1242"}],"wp:term":[{"taxonomy":"category","embeddable":true,"href":"https:\/\/agora.xtec.cat\/escolaprovencana\/wp-json\/wp\/v2\/categories?post=1242"},{"taxonomy":"post_tag","embeddable":true,"href":"https:\/\/agora.xtec.cat\/escolaprovencana\/wp-json\/wp\/v2\/tags?post=1242"}],"curies":[{"name":"wp","href":"https:\/\/api.w.org\/{rel}","templated":true}]}}