{"id":1165,"date":"2021-11-12T19:20:04","date_gmt":"2021-11-12T18:20:04","guid":{"rendered":"https:\/\/agora.xtec.cat\/escolaprovencana\/?p=1165"},"modified":"2021-11-12T19:22:02","modified_gmt":"2021-11-12T18:22:02","slug":"excursio-valldeperes-cicle-mitja","status":"publish","type":"post","link":"https:\/\/agora.xtec.cat\/escolaprovencana\/primaria\/3r\/excursio-valldeperes-cicle-mitja\/","title":{"rendered":"Excursi\u00f3 Valldeperes Cicle Mitj\u00e0"},"content":{"rendered":"<p>Ahir 11 de novembre, vam anar a la casa Valldeperes (Sant Sadurn\u00ed d&#8217;Anoia) a fer un taller de melmelada de ra\u00efm.<\/p>\n<p>El dia d&#8217;abans est\u00e0vem totes i tots molt neguitosos pel temps que ens faria, i vam <span class=\"hiddenGreenError\">creuar<\/span> els dits desitjant que no plogu\u00e9s. I el temps no ens va decebre!!<\/p>\n<p>Tot i que no vam poder collir el ra\u00efm, perqu\u00e8 estava tot ple de fang, s\u00ed que vam poder fer una petita excursi\u00f3 pel bosc i veure els ceps. Va ser d&#8217;all\u00f2 m\u00e9s divertit, ja que vam gaudir de la natura tots junts.<\/p>\n<p>Aqu\u00ed us compartim el nostre dia!!<\/p>\n<p><iframe loading=\"lazy\" title=\"Excursi\u00f3 Valldeperes Cicle Mitj\u00e0\" width=\"500\" height=\"375\" src=\"https:\/\/www.youtube.com\/embed\/cL6u1jeyxJg?feature=oembed\" frameborder=\"0\" allow=\"accelerometer; autoplay; clipboard-write; encrypted-media; gyroscope; picture-in-picture; web-share\" referrerpolicy=\"strict-origin-when-cross-origin\" allowfullscreen><\/iframe><\/p>\n","protected":false},"excerpt":{"rendered":"<p>Ahir 11 de novembre, vam anar a la casa Valldeperes (Sant Sadurn\u00ed d&#8217;Anoia) a fer un taller de melmelada de ra\u00efm.<br \/>\nEl dia d&#8217;abans est\u00e0vem totes i tots molt neguitosos pel temps que ens faria, i vam creuar els dits desitjant que no plogu\u00e9s. I el&hellip;  <a href=\"https:\/\/agora.xtec.cat\/escolaprovencana\/primaria\/3r\/excursio-valldeperes-cicle-mitja\/\" title=\"Read Excursi\u00f3 Valldeperes Cicle Mitj\u00e0\">Llegeix m\u00e9s\u00bb<\/a><\/p>\n","protected":false},"author":1,"featured_media":1167,"comment_status":"closed","ping_status":"closed","sticky":false,"template":"","format":"standard","meta":{"_bbp_topic_count":0,"_bbp_reply_count":0,"_bbp_total_topic_count":0,"_bbp_total_reply_count":0,"_bbp_voice_count":0,"_bbp_anonymous_reply_count":0,"_bbp_topic_count_hidden":0,"_bbp_reply_count_hidden":0,"_bbp_forum_subforum_count":0,"footnotes":""},"categories":[12,13],"tags":[90,91],"class_list":["post-1165","post","type-post","status-publish","format-standard","has-post-thumbnail","hentry","category-3r","category-4t","tag-cicle-mitja","tag-excursio"],"post_mailing_queue_ids":[],"_links":{"self":[{"href":"https:\/\/agora.xtec.cat\/escolaprovencana\/wp-json\/wp\/v2\/posts\/1165","targetHints":{"allow":["GET"]}}],"collection":[{"href":"https:\/\/agora.xtec.cat\/escolaprovencana\/wp-json\/wp\/v2\/posts"}],"about":[{"href":"https:\/\/agora.xtec.cat\/escolaprovencana\/wp-json\/wp\/v2\/types\/post"}],"author":[{"embeddable":true,"href":"https:\/\/agora.xtec.cat\/escolaprovencana\/wp-json\/wp\/v2\/users\/1"}],"replies":[{"embeddable":true,"href":"https:\/\/agora.xtec.cat\/escolaprovencana\/wp-json\/wp\/v2\/comments?post=1165"}],"version-history":[{"count":1,"href":"https:\/\/agora.xtec.cat\/escolaprovencana\/wp-json\/wp\/v2\/posts\/1165\/revisions"}],"predecessor-version":[{"id":1166,"href":"https:\/\/agora.xtec.cat\/escolaprovencana\/wp-json\/wp\/v2\/posts\/1165\/revisions\/1166"}],"wp:featuredmedia":[{"embeddable":true,"href":"https:\/\/agora.xtec.cat\/escolaprovencana\/wp-json\/wp\/v2\/media\/1167"}],"wp:attachment":[{"href":"https:\/\/agora.xtec.cat\/escolaprovencana\/wp-json\/wp\/v2\/media?parent=1165"}],"wp:term":[{"taxonomy":"category","embeddable":true,"href":"https:\/\/agora.xtec.cat\/escolaprovencana\/wp-json\/wp\/v2\/categories?post=1165"},{"taxonomy":"post_tag","embeddable":true,"href":"https:\/\/agora.xtec.cat\/escolaprovencana\/wp-json\/wp\/v2\/tags?post=1165"}],"curies":[{"name":"wp","href":"https:\/\/api.w.org\/{rel}","templated":true}]}}