{"id":1138,"date":"2021-11-08T12:25:41","date_gmt":"2021-11-08T11:25:41","guid":{"rendered":"https:\/\/agora.xtec.cat\/escolaprovencana\/?p=1138"},"modified":"2022-01-24T16:46:05","modified_gmt":"2022-01-24T15:46:05","slug":"eleccions-consell-escolar-2021","status":"publish","type":"post","link":"https:\/\/agora.xtec.cat\/escolaprovencana\/general\/eleccions-consell-escolar-2021\/","title":{"rendered":"ELECCIONS CONSELL ESCOLAR 2021"},"content":{"rendered":"<div class=\"gmail_default\"><\/div>\n<div><\/div>\n<div>\n<div class=\"gmail_default\"><\/div>\n<\/div>\n<div><\/div>\n<p>El passat 6 d&#8217;octubre es va publicar la Resoluci\u00f3 EDU\/3043\/2021 per la qual el Departament d&#8217;Educaci\u00f3 establia el calendari i r\u00e8gim del proc\u00e9s electoral per renovar els membres dels consells escolars dels centres p\u00fablics i privats sostinguts amb fons p\u00fablic.<\/p>\n<div><\/div>\n<div><span style=\"text-decoration: underline;\"><strong>FUNCIONS DEL CONSELL ESCOLAR<\/strong><\/span><\/div>\n<div><\/div>\n<div class=\"gmail_default\">\n<ul>\n<li>Aprovar diferents documents de centre, carta de comprom\u00eds educatius, pressupost del centre i rendiment de comptes.<\/li>\n<li>Aprovar les propostes d&#8217;acords de corresponsabilitat, convenis i altres acords de col\u00b7laboraci\u00f3 del centre amb entitats o institucions.<\/li>\n<li>Intervenir en diferents procediments: elecci\u00f3 direcci\u00f3.<\/li>\n<li>Intervenir en la resoluci\u00f3 de conflictes.<\/li>\n<li>Aprovar les directrius per a la programaci\u00f3 d&#8217;activitats escolars complement\u00e0ries i d&#8217;activitats extraescolars, i avaluar-ne el desenvolupament.<\/li>\n<li>Participar en les an\u00e0lisis i les avaluacions del funcionament general del centre i con\u00e8ixer l&#8217;evoluci\u00f3 del rendiment escolar.<\/li>\n<li>Aprovar els criteris de col\u00b7laboraci\u00f3 amb altres centres i amb l&#8217;entorn.<\/li>\n<li>Qualsevol altra que li sigui atribu\u00efda per les normes legals o reglament\u00e0ries.<\/li>\n<\/ul>\n<\/div>\n<div class=\"gmail_default\"><b>\u00a0<\/b><\/div>\n<div class=\"gmail_default\"><b><span style=\"text-decoration: underline;\">COMPOSICI\u00d3 DEL CONSELL ESCOLAR EN UN CENTRE P\u00daBLIC<\/span><\/b><\/div>\n<div><\/div>\n<div class=\"gmail_default\">\n<ul>\n<li>El\u00a0<b>director\/a<\/b>, que el presideix.<\/li>\n<li>El\u00a0<b>cap o la cap d&#8217;estudis<\/b>.<\/li>\n<li>Un o una\u00a0<b>representant de l&#8217;ajuntament\u00a0<\/b>de la localitat on es troba situat el centre.<\/li>\n<li>El\u00a0<b>secretari o secret\u00e0ria\u00a0<\/b>del centre que assisteix amb veu i sense vot i exerceix la secretaria del consell.<\/li>\n<li>Representants del\u00a0<b>professorat\u00a0<\/b>que escolleix el claustre (6 en total: 5 i cap d&#8217;estudis).<\/li>\n<li>Els i les representants dels\u00a0<b>pares i mares o tutors legals<\/b>, elegits respectivament per ells i entre ells (6 en total: 5 membres i 1 de l&#8217;AMPA).<\/li>\n<li>Un o una representant del\u00a0<b>personal d&#8217;administraci\u00f3 i serveis<\/b>, elegit per i entre aquest personal.<\/li>\n<\/ul>\n<div><\/div>\n<div><span style=\"text-decoration: underline;\"><strong>CALENDARI ELECTORAL<\/strong><\/span><\/div>\n<div><\/div>\n<div>\n<div>\n<ul>\n<li><span style=\"color: #000000; font-family: arial, sans-serif;\"><b>Dilluns 8 de novembre<\/b>: publicaci\u00f3 del cens electoral al taulell interior d&#8217;anuncis del centre (suro situat on l&#8217;espai habilitat per fer gestions amb les fam\u00edlies). Sorteig entre el cens de fam\u00edlies dels membres de la mesa sector pares, mares, tutors legals.\u00a0<\/span><\/li>\n<li><span style=\"color: #000000; font-family: arial, sans-serif;\"><b>Dimecres 17 de novembre<\/b>: data m\u00e0xima per presentar les candidatures.<\/span><\/li>\n<li><span style=\"color: #000000; font-family: arial, sans-serif;\"><b>Dilluns 22 de novembre<\/b>: dia de les eleccions de 9-9:30h i de 16:00 a 16:45h. L&#8217;escola us facilitar\u00e0 un justificant de vot.<\/span><\/li>\n<li><span style=\"color: #000000; font-family: arial, sans-serif;\"><b>Fins al 20 de desembre<\/b>: constituci\u00f3 del consell escolar i presa de possessi\u00f3 dels membres.<\/span><\/li>\n<\/ul>\n<\/div>\n<\/div>\n<div><\/div>\n<div><span style=\"text-decoration: underline;\"><span style=\"color: #000000; font-family: arial, sans-serif; text-decoration: underline;\"><b>PER QU\u00c8 \u00c9S IMPORTANT QUE PARTICIPEU EN LES ELECCIONS?<\/b><\/span><\/span><\/div>\n<div><\/div>\n<div>\n<ul>\n<li>Sou els responsables de la formaci\u00f3 dels vostres fills i filles i \u00e9s important tenir una bona representaci\u00f3 al consell escolar que us informi i faci arribar la vostra veu.<\/li>\n<li>Les fam\u00edlies i els equips de docents compartim un mateix objectiu: l&#8217;\u00e8xit acad\u00e8mic, social i personal dels fills i filles. Per aix\u00f2 hem de ser capa\u00e7os de treballar de manera conjunta i decidir a qu\u00e8 ens comprometem per aconseguir-ho.<\/li>\n<li>Les fam\u00edlies teniu el dret de participar de manera democr\u00e0tica\u00a0en l&#8217;organitzaci\u00f3 del centre. Aquesta \u00e9s una manera de valorar l&#8217;escola i tamb\u00e9 contribu\u00efu que el vostre fill o filla la valori.<\/li>\n<li>L&#8217;\u00e8xit educatiu del vostre fill o filla tamb\u00e9 dep\u00e8n del funcionament i el clima de centre. Implicar-vos en el seguiment i l&#8217;avaluaci\u00f3 d&#8217;aquest funcionament \u00e9s implicar-vos en el seu desenvolupament i creixement personal.<\/li>\n<li>\u00c9s la manera de fer arribar la vostra veu en temes que us poden preocupar, com activitats extraescolars o\u00a0 l&#8217;alimentaci\u00f3 en el menjador escolar.<\/li>\n<li>\u00c9s important tenir una escola oberta a l&#8217;entorn, que col\u00b7labori\u00a0amb els altres centres i les diferents entitats i que entre tots pugueu fer del vostre municipi, barri o poble un entorn m\u00e9s educatiu i cohesionat. El consell escolar decideix quines han de ser aquestes relacions.<\/li>\n<\/ul>\n<\/div>\n<p style=\"text-align: center;\">Us animem a participar!<\/p>\n<\/div>\n","protected":false},"excerpt":{"rendered":"<p>El passat 6 d&#8217;octubre es va publicar la Resoluci\u00f3 EDU\/3043\/2021 per la qual el Departament d&#8217;Educaci\u00f3 establia el calendari i r\u00e8gim del proc\u00e9s electoral per renovar els membres dels consells escolars dels centres p\u00fablics i privats sostinguts amb fons p\u00fablic.<\/p>\n<p>FUNCIONS DEL CONSELL ESCOLAR<\/p>\n<ul>\n<li>Aprovar diferents documents&hellip;  <a href=\"https:\/\/agora.xtec.cat\/escolaprovencana\/general\/eleccions-consell-escolar-2021\/\" title=\"Read ELECCIONS CONSELL ESCOLAR 2021\">Llegeix m\u00e9s\u00bb<\/a><br \/>\n","protected":false},"author":1,"featured_media":0,"comment_status":"closed","ping_status":"closed","sticky":false,"template":"","format":"standard","meta":{"_bbp_topic_count":0,"_bbp_reply_count":0,"_bbp_total_topic_count":0,"_bbp_total_reply_count":0,"_bbp_voice_count":0,"_bbp_anonymous_reply_count":0,"_bbp_topic_count_hidden":0,"_bbp_reply_count_hidden":0,"_bbp_forum_subforum_count":0,"footnotes":""},"categories":[101,87,1],"tags":[86,84,80,81,82,83,85],"class_list":["post-1138","post","type-post","status-publish","format-standard","hentry","category-consell-escolar","category-families","category-general","tag-ajuntament","tag-alumnes","tag-consell-escolar","tag-eleccions","tag-families","tag-mestres","tag-pas"],"post_mailing_queue_ids":[],"_links":{"self":[{"href":"https:\/\/agora.xtec.cat\/escolaprovencana\/wp-json\/wp\/v2\/posts\/1138","targetHints":{"allow":["GET"]}}],"collection":[{"href":"https:\/\/agora.xtec.cat\/escolaprovencana\/wp-json\/wp\/v2\/posts"}],"about":[{"href":"https:\/\/agora.xtec.cat\/escolaprovencana\/wp-json\/wp\/v2\/types\/post"}],"author":[{"embeddable":true,"href":"https:\/\/agora.xtec.cat\/escolaprovencana\/wp-json\/wp\/v2\/users\/1"}],"replies":[{"embeddable":true,"href":"https:\/\/agora.xtec.cat\/escolaprovencana\/wp-json\/wp\/v2\/comments?post=1138"}],"version-history":[{"count":3,"href":"https:\/\/agora.xtec.cat\/escolaprovencana\/wp-json\/wp\/v2\/posts\/1138\/revisions"}],"predecessor-version":[{"id":1153,"href":"https:\/\/agora.xtec.cat\/escolaprovencana\/wp-json\/wp\/v2\/posts\/1138\/revisions\/1153"}],"wp:attachment":[{"href":"https:\/\/agora.xtec.cat\/escolaprovencana\/wp-json\/wp\/v2\/media?parent=1138"}],"wp:term":[{"taxonomy":"category","embeddable":true,"href":"https:\/\/agora.xtec.cat\/escolaprovencana\/wp-json\/wp\/v2\/categories?post=1138"},{"taxonomy":"post_tag","embeddable":true,"href":"https:\/\/agora.xtec.cat\/escolaprovencana\/wp-json\/wp\/v2\/tags?post=1138"}],"curies":[{"name":"wp","href":"https:\/\/api.w.org\/{rel}","templated":true}]}}