{"id":5575,"date":"2023-06-08T11:20:18","date_gmt":"2023-06-08T09:20:18","guid":{"rendered":"https:\/\/agora.xtec.cat\/escolaprincepdeviana\/?p=5575"},"modified":"2023-06-08T11:23:12","modified_gmt":"2023-06-08T09:23:12","slug":"premis-concurs-de-dibuix-deducacio-viaria","status":"publish","type":"post","link":"https:\/\/agora.xtec.cat\/escolaprincepdeviana\/general\/premis-concurs-de-dibuix-deducacio-viaria\/","title":{"rendered":"Premis Concurs de Dibuix d&#8217;Educaci\u00f3 Vi\u00e0ria"},"content":{"rendered":"<p>El dimarts 6 de juny per la tarda vam rebre els diplomes que certifiquen la participaci\u00f3 del nostre alumnat a les diferents sessions d&#8217;educaci\u00f3 vi\u00e0ria d&#8217;aquest curs. En el mateix acte es van donar els premis de dibuix d&#8217;educaci\u00f3 vi\u00e0ria de 1r, 3r i 5\u00e8.<\/p>\n<p>L&#8217;alumne Rayan El Harrak de 1r curs va rebre el primer premi de Cicle Inicial, moltes felicitats i a gaudir de la bicicleta.<\/p>\n<p>Adjuntem la not\u00edcia publicada <a href=\"https:\/\/www.paeria.cat\/ca\/actualitat\/noticies\/63-centres-educatius-i-10-786-nens-i-nenes-de-lleida-participen-durant-el-curs-escolar-al-programa-d2019educacio-viaria-de-l2019ajuntament-de-lleida\" target=\"_blank\" rel=\"noopener\"><strong>al web de la Paeria<\/strong><\/a><\/p>\n<p style=\"text-align: center;\"><a href=\"https:\/\/agora.xtec.cat\/escolaprincepdeviana\/wp-content\/uploads\/usu737\/2023\/06\/MG41159.jpg\"><img loading=\"lazy\" decoding=\"async\" class=\"alignnone size-large wp-image-5576\" src=\"https:\/\/agora.xtec.cat\/escolaprincepdeviana\/wp-content\/uploads\/usu737\/2023\/06\/MG41159-1024x683.jpg\" alt=\"\" width=\"1024\" height=\"683\" srcset=\"https:\/\/agora.xtec.cat\/escolaprincepdeviana\/wp-content\/uploads\/usu737\/2023\/06\/MG41159-1024x683.jpg 1024w, https:\/\/agora.xtec.cat\/escolaprincepdeviana\/wp-content\/uploads\/usu737\/2023\/06\/MG41159-300x200.jpg 300w, https:\/\/agora.xtec.cat\/escolaprincepdeviana\/wp-content\/uploads\/usu737\/2023\/06\/MG41159-768x512.jpg 768w, https:\/\/agora.xtec.cat\/escolaprincepdeviana\/wp-content\/uploads\/usu737\/2023\/06\/MG41159.jpg 1500w\" sizes=\"auto, (max-width: 1024px) 100vw, 1024px\" \/><\/a><\/p>\n","protected":false},"excerpt":{"rendered":"<p>El dimarts 6 de juny per la tarda vam rebre els diplomes que certifiquen la participaci\u00f3 del nostre alumnat a [&hellip;]<\/p>\n","protected":false},"author":1,"featured_media":5576,"comment_status":"open","ping_status":"closed","sticky":false,"template":"","format":"standard","meta":{"_bbp_topic_count":0,"_bbp_reply_count":0,"_bbp_total_topic_count":0,"_bbp_total_reply_count":0,"_bbp_voice_count":0,"_bbp_anonymous_reply_count":0,"_bbp_topic_count_hidden":0,"_bbp_reply_count_hidden":0,"_bbp_forum_subforum_count":0,"site-sidebar-layout":"default","site-content-layout":"","ast-site-content-layout":"","site-content-style":"default","site-sidebar-style":"default","ast-global-header-display":"","ast-banner-title-visibility":"","ast-main-header-display":"","ast-hfb-above-header-display":"","ast-hfb-below-header-display":"","ast-hfb-mobile-header-display":"","site-post-title":"","ast-breadcrumbs-content":"","ast-featured-img":"","footer-sml-layout":"","theme-transparent-header-meta":"","adv-header-id-meta":"","stick-header-meta":"","header-above-stick-meta":"","header-main-stick-meta":"","header-below-stick-meta":"","astra-migrate-meta-layouts":"default","ast-page-background-enabled":"default","ast-page-background-meta":{"desktop":{"background-color":"var(--ast-global-color-4)","background-image":"","background-repeat":"repeat","background-position":"center center","background-size":"auto","background-attachment":"scroll","background-type":"","background-media":"","overlay-type":"","overlay-color":"","overlay-opacity":"","overlay-gradient":""},"tablet":{"background-color":"","background-image":"","background-repeat":"repeat","background-position":"center center","background-size":"auto","background-attachment":"scroll","background-type":"","background-media":"","overlay-type":"","overlay-color":"","overlay-opacity":"","overlay-gradient":""},"mobile":{"background-color":"","background-image":"","background-repeat":"repeat","background-position":"center center","background-size":"auto","background-attachment":"scroll","background-type":"","background-media":"","overlay-type":"","overlay-color":"","overlay-opacity":"","overlay-gradient":""}},"ast-content-background-meta":{"desktop":{"background-color":"var(--ast-global-color-5)","background-image":"","background-repeat":"repeat","background-position":"center center","background-size":"auto","background-attachment":"scroll","background-type":"","background-media":"","overlay-type":"","overlay-color":"","overlay-opacity":"","overlay-gradient":""},"tablet":{"background-color":"var(--ast-global-color-5)","background-image":"","background-repeat":"repeat","background-position":"center center","background-size":"auto","background-attachment":"scroll","background-type":"","background-media":"","overlay-type":"","overlay-color":"","overlay-opacity":"","overlay-gradient":""},"mobile":{"background-color":"var(--ast-global-color-5)","background-image":"","background-repeat":"repeat","background-position":"center center","background-size":"auto","background-attachment":"scroll","background-type":"","background-media":"","overlay-type":"","overlay-color":"","overlay-opacity":"","overlay-gradient":""}},"footnotes":""},"categories":[10,12,14,1,2,4,5],"tags":[309],"class_list":["post-5575","post","type-post","status-publish","format-standard","has-post-thumbnail","hentry","category-1r","category-3r","category-5e","category-general","category-infantil","category-portada","category-primaria","tag-educacio-viaria"],"post_mailing_queue_ids":[],"_links":{"self":[{"href":"https:\/\/agora.xtec.cat\/escolaprincepdeviana\/wp-json\/wp\/v2\/posts\/5575","targetHints":{"allow":["GET"]}}],"collection":[{"href":"https:\/\/agora.xtec.cat\/escolaprincepdeviana\/wp-json\/wp\/v2\/posts"}],"about":[{"href":"https:\/\/agora.xtec.cat\/escolaprincepdeviana\/wp-json\/wp\/v2\/types\/post"}],"author":[{"embeddable":true,"href":"https:\/\/agora.xtec.cat\/escolaprincepdeviana\/wp-json\/wp\/v2\/users\/1"}],"replies":[{"embeddable":true,"href":"https:\/\/agora.xtec.cat\/escolaprincepdeviana\/wp-json\/wp\/v2\/comments?post=5575"}],"version-history":[{"count":1,"href":"https:\/\/agora.xtec.cat\/escolaprincepdeviana\/wp-json\/wp\/v2\/posts\/5575\/revisions"}],"predecessor-version":[{"id":5577,"href":"https:\/\/agora.xtec.cat\/escolaprincepdeviana\/wp-json\/wp\/v2\/posts\/5575\/revisions\/5577"}],"wp:featuredmedia":[{"embeddable":true,"href":"https:\/\/agora.xtec.cat\/escolaprincepdeviana\/wp-json\/wp\/v2\/media\/5576"}],"wp:attachment":[{"href":"https:\/\/agora.xtec.cat\/escolaprincepdeviana\/wp-json\/wp\/v2\/media?parent=5575"}],"wp:term":[{"taxonomy":"category","embeddable":true,"href":"https:\/\/agora.xtec.cat\/escolaprincepdeviana\/wp-json\/wp\/v2\/categories?post=5575"},{"taxonomy":"post_tag","embeddable":true,"href":"https:\/\/agora.xtec.cat\/escolaprincepdeviana\/wp-json\/wp\/v2\/tags?post=5575"}],"curies":[{"name":"wp","href":"https:\/\/api.w.org\/{rel}","templated":true}]}}