{"id":9986,"date":"2020-04-19T11:25:30","date_gmt":"2020-04-19T09:25:30","guid":{"rendered":"http:\/\/agora.xtec.cat\/escolapratdelariba\/?p=9986"},"modified":"2020-04-25T08:22:11","modified_gmt":"2020-04-25T06:22:11","slug":"preparem-la-diada-de-sant-jordi","status":"publish","type":"post","link":"https:\/\/agora.xtec.cat\/escolapratdelariba\/general\/preparem-la-diada-de-sant-jordi\/","title":{"rendered":"PREPAREM LA DIADA DE SANT JORDI"},"content":{"rendered":"<p style=\"text-align: justify;\">Aquest any haurem de celebrar Sant Jordi des de la dist\u00e0ncia f\u00edsica, per\u00f2 aix\u00f2 no impedir\u00e0 que puguem compartir un dia virtual. <strong>Us proposem dues activitats, <\/strong>p<span style=\"text-decoration: underline;\">odeu fer les dues o nom\u00e9s una, i enviar-nos v\u00eddeos o imatges al correu pratdelaribacovid19@gmail.com fins dimecres 22 a les 17h<\/span>. Amb tot el que rebem acabarem de preparar la celebraci\u00f3 de la diada de Sant Jordi.<br \/>\nSi teniu qualsevol dubte us podeu posar en contacte amb la tutora o tutor dels vostres fills\/es.<\/p>\n<p><strong>OMPLIM DE ROSES ELS BALCONS<\/strong><\/p>\n<p><a href=\"https:\/\/agora.xtec.cat\/escolapratdelariba\/wp-content\/uploads\/usu534\/2020\/04\/sant-jordi-rosas-viajares-daniel-ruiz.jpg\" target=\"_blank\" rel=\"noopener noreferrer\"><img loading=\"lazy\" decoding=\"async\" class=\"alignleft wp-image-9998\" src=\"https:\/\/agora.xtec.cat\/escolapratdelariba\/wp-content\/uploads\/usu534\/2020\/04\/sant-jordi-rosas-viajares-daniel-ruiz-300x300.jpg\" alt=\"\" width=\"139\" height=\"139\" srcset=\"https:\/\/agora.xtec.cat\/escolapratdelariba\/wp-content\/uploads\/usu534\/2020\/04\/sant-jordi-rosas-viajares-daniel-ruiz-300x300.jpg 300w, https:\/\/agora.xtec.cat\/escolapratdelariba\/wp-content\/uploads\/usu534\/2020\/04\/sant-jordi-rosas-viajares-daniel-ruiz-150x150.jpg 150w, https:\/\/agora.xtec.cat\/escolapratdelariba\/wp-content\/uploads\/usu534\/2020\/04\/sant-jordi-rosas-viajares-daniel-ruiz.jpg 612w\" sizes=\"auto, (max-width: 139px) 100vw, 139px\" \/><\/a>Les roses vermelles, els dracs i Sant Jordi sempre van de la m\u00e0, \u00e9s preci\u00f3s sortir al carrer i passejar per les parades, remenar roses i llibres, olorar les flors i els fulls de paper, escoltar les llegendes del dracs, veure colors i alegria per tot arreu!<br \/>\nLa casa Batll\u00f3 de Barcelona, ens ha enviat una proposta. Ens animen a celebrar Sant Jordi fent roses i penjant-les als balcons, qu\u00e8 us sembla?<!--more--><br \/>\n<a href=\"https:\/\/drive.google.com\/file\/d\/1w_UFVHpX0VKazqPM9H2ctEE4ZmKVPNN1\/view\" target=\"_blank\" rel=\"noopener noreferrer\"><strong>Aqu\u00ed us deixem unes\u00a0d&#8217;idees<\/strong><\/a> perqu\u00e8 pugueu fer les vostres creacions a casa, algunes s\u00f3n per decorar l&#8217;interior, d&#8217;altres per posar als balcons, d&#8217;altres per jugar&#8230; Estan agrupades per tipologia, si cliqueu als t\u00edtols se us obriran els documents explicatius. Trieu el que m\u00e9s us agradi o inventeu-ne vosaltres mateixos. Quan ho tingueu acabat <span style=\"text-decoration: underline;\">ens envieu una imatge<\/span> per poder compartir-la amb la resta de l&#8217;escola.<\/p>\n<p><strong>HOMENATGE A GIANNI RODARI\u00a0<\/strong><\/p>\n<p><img loading=\"lazy\" decoding=\"async\" class=\"alignleft wp-image-9987\" src=\"https:\/\/agora.xtec.cat\/escolapratdelariba\/wp-content\/uploads\/usu534\/2020\/04\/contes-telefon-224x300.jpg\" alt=\"\" width=\"132\" height=\"176\" \/> La segona proposta t\u00e9 a veure amb el gran escriptor, periodista i pedagog itali\u00e0 <strong>Gianni Rodari<\/strong> (1920-1980), es va fer admirar per la seva gran capacitat d&#8217;unir fantasia i creativitat amb contingut de valors. <span style=\"font-weight: 400;\">Era un enamorat dels jocs de llengua, dels contes fant\u00e0stics i absurds i de la imaginaci\u00f3.\u00a0<\/span><br \/>\n<span style=\"font-weight: 400;\">\u00c9s considerat un dels escriptors m\u00e9s importants de la literatura infantil de tots els temps. <\/span><br \/>\nUn dels seus grans llibres va ser &#8220;Contes per tel\u00e8fon&#8221;, es va publicar l&#8217;any 1962 i se n&#8217;han fet moltes edicions. <em>&#8220;El senyor Bianchi \u00e9s un representant de comer\u00e7 que viatja molt. La seva filla petita vol un conte cada nit per anar a dormir, aix\u00ed que cada vespre el senyor Bianchi li truca i li explica un conte. Els contes s\u00f3n curts, \u00e9s clar, perqu\u00e8 les trucades valien diners&#8230;&#8221;<\/em><!--more--><\/p>\n<p><span style=\"text-decoration: underline;\">PROPOSTA, ENS AGRADARIA QUE FESSIS DE SENYOR BIANCHI:<\/span><br \/>\n1- Prepara&#8217;t una lectura curta o una poesia en veu alta. (<a href=\"https:\/\/drive.google.com\/a\/xtec.cat\/file\/d\/16p_LL8aISBq4trlBi23T_dIq8Fnj6wnN\/view?usp=sharing\" target=\"_blank\" rel=\"noopener noreferrer\">Aqu\u00ed<\/a> et donem pistes de com preparar-la)<br \/>\n2- Demana a alg\u00fa que et gravi un v\u00eddeo mentre llegeixes. Si vols, pots fer com si llegissis per tel\u00e8fon.<br \/>\n3- <span style=\"text-decoration: underline;\">Envia&#8217;ns el v\u00eddeo<\/span> i aix\u00ed els penjarem a la WEB perqu\u00e8 tothom et pugui veure i escoltar.<br \/>\n4- Si vols, aprofita que te l&#8217;has preparat i truca alg\u00fa el dia de Sant Jordi per llegir-li.<\/p>\n<p><strong>LA CAN\u00c7\u00d3 DELS PERSONATGES<\/strong><\/p>\n<p>I per acabar, us deixem aqu\u00ed sota la can\u00e7\u00f3 dels Personatges que tan us agrada, haur\u00edeu d&#8217;escoltar-la per recordar la lletra i els moviments que feu per representar-la amb la S\u00edlvia. I aix\u00ed dijous podrem acabar la nostra festa igual que sempre hem fet!<br \/>\n<iframe loading=\"lazy\" src=\"https:\/\/www.youtube.com\/embed\/Qy3EjdcXJo4\" width=\"500\" height=\"315\" frameborder=\"0\"><\/iframe><\/p>\n","protected":false},"excerpt":{"rendered":"<p>Aquest any haurem de celebrar Sant Jordi des de la dist\u00e0ncia f\u00edsica, per\u00f2 aix\u00f2 no impedir\u00e0 que puguem compartir un dia virtual. Us proposem dues activitats, podeu fer les dues o nom\u00e9s una, i enviar-nos v\u00eddeos o imatges al correu pratdelaribacovid19@gmail.com fins dimecres 22 a les 17h. Amb tot el que rebem acabarem de preparar [&hellip;]<\/p>\n","protected":false},"author":4,"featured_media":10010,"comment_status":"open","ping_status":"closed","sticky":false,"template":"","format":"standard","meta":{"_bbp_topic_count":0,"_bbp_reply_count":0,"_bbp_total_topic_count":0,"_bbp_total_reply_count":0,"_bbp_voice_count":0,"_bbp_anonymous_reply_count":0,"_bbp_topic_count_hidden":0,"_bbp_reply_count_hidden":0,"_bbp_forum_subforum_count":0,"site-sidebar-layout":"default","site-content-layout":"","ast-site-content-layout":"","site-content-style":"default","site-sidebar-style":"default","ast-global-header-display":"","ast-banner-title-visibility":"","ast-main-header-display":"","ast-hfb-above-header-display":"","ast-hfb-below-header-display":"","ast-hfb-mobile-header-display":"","site-post-title":"","ast-breadcrumbs-content":"","ast-featured-img":"","footer-sml-layout":"","theme-transparent-header-meta":"","adv-header-id-meta":"","stick-header-meta":"","header-above-stick-meta":"","header-main-stick-meta":"","header-below-stick-meta":"","astra-migrate-meta-layouts":"default","ast-page-background-enabled":"default","ast-page-background-meta":{"desktop":{"background-color":"var(--ast-global-color-4)","background-image":"","background-repeat":"repeat","background-position":"center center","background-size":"auto","background-attachment":"scroll","background-type":"","background-media":"","overlay-type":"","overlay-color":"","overlay-opacity":"","overlay-gradient":""},"tablet":{"background-color":"","background-image":"","background-repeat":"repeat","background-position":"center center","background-size":"auto","background-attachment":"scroll","background-type":"","background-media":"","overlay-type":"","overlay-color":"","overlay-opacity":"","overlay-gradient":""},"mobile":{"background-color":"","background-image":"","background-repeat":"repeat","background-position":"center center","background-size":"auto","background-attachment":"scroll","background-type":"","background-media":"","overlay-type":"","overlay-color":"","overlay-opacity":"","overlay-gradient":""}},"ast-content-background-meta":{"desktop":{"background-color":"var(--ast-global-color-5)","background-image":"","background-repeat":"repeat","background-position":"center center","background-size":"auto","background-attachment":"scroll","background-type":"","background-media":"","overlay-type":"","overlay-color":"","overlay-opacity":"","overlay-gradient":""},"tablet":{"background-color":"var(--ast-global-color-5)","background-image":"","background-repeat":"repeat","background-position":"center center","background-size":"auto","background-attachment":"scroll","background-type":"","background-media":"","overlay-type":"","overlay-color":"","overlay-opacity":"","overlay-gradient":""},"mobile":{"background-color":"var(--ast-global-color-5)","background-image":"","background-repeat":"repeat","background-position":"center center","background-size":"auto","background-attachment":"scroll","background-type":"","background-media":"","overlay-type":"","overlay-color":"","overlay-opacity":"","overlay-gradient":""}},"footnotes":""},"categories":[1,4],"tags":[],"class_list":["post-9986","post","type-post","status-publish","format-standard","has-post-thumbnail","hentry","category-general","category-portada"],"post_mailing_queue_ids":[],"_links":{"self":[{"href":"https:\/\/agora.xtec.cat\/escolapratdelariba\/wp-json\/wp\/v2\/posts\/9986","targetHints":{"allow":["GET"]}}],"collection":[{"href":"https:\/\/agora.xtec.cat\/escolapratdelariba\/wp-json\/wp\/v2\/posts"}],"about":[{"href":"https:\/\/agora.xtec.cat\/escolapratdelariba\/wp-json\/wp\/v2\/types\/post"}],"author":[{"embeddable":true,"href":"https:\/\/agora.xtec.cat\/escolapratdelariba\/wp-json\/wp\/v2\/users\/4"}],"replies":[{"embeddable":true,"href":"https:\/\/agora.xtec.cat\/escolapratdelariba\/wp-json\/wp\/v2\/comments?post=9986"}],"version-history":[{"count":3,"href":"https:\/\/agora.xtec.cat\/escolapratdelariba\/wp-json\/wp\/v2\/posts\/9986\/revisions"}],"predecessor-version":[{"id":10028,"href":"https:\/\/agora.xtec.cat\/escolapratdelariba\/wp-json\/wp\/v2\/posts\/9986\/revisions\/10028"}],"wp:featuredmedia":[{"embeddable":true,"href":"https:\/\/agora.xtec.cat\/escolapratdelariba\/wp-json\/wp\/v2\/media\/10010"}],"wp:attachment":[{"href":"https:\/\/agora.xtec.cat\/escolapratdelariba\/wp-json\/wp\/v2\/media?parent=9986"}],"wp:term":[{"taxonomy":"category","embeddable":true,"href":"https:\/\/agora.xtec.cat\/escolapratdelariba\/wp-json\/wp\/v2\/categories?post=9986"},{"taxonomy":"post_tag","embeddable":true,"href":"https:\/\/agora.xtec.cat\/escolapratdelariba\/wp-json\/wp\/v2\/tags?post=9986"}],"curies":[{"name":"wp","href":"https:\/\/api.w.org\/{rel}","templated":true}]}}