{"id":9917,"date":"2020-03-25T09:26:37","date_gmt":"2020-03-25T08:26:37","guid":{"rendered":"http:\/\/agora.xtec.cat\/escolapratdelariba\/?p=9917"},"modified":"2020-03-25T09:26:37","modified_gmt":"2020-03-25T08:26:37","slug":"gracies-families","status":"publish","type":"post","link":"https:\/\/agora.xtec.cat\/escolapratdelariba\/general\/gracies-families\/","title":{"rendered":"GR\u00c0CIES FAM\u00cdLIES!"},"content":{"rendered":"<p>Estimades fam\u00edlies,<br \/>\nHi ha una frase que diu: \u201cEn los m\u00e1s oscuros cielos es cuando se ven las estrellas m\u00e1s brillantes\u201d.<br \/>\nPer nosaltres, ara que estem sota un cel ben fosc, el de no poder estar on ens toca, a l&#8217;escola fent la nostra feina amb els alumnes, ens estem adonant de les estrelles tan boniques que ens envolten. Aquestes estrelles no s\u00f3n nom\u00e9s els nostres alumnes sin\u00f3 tamb\u00e9 les seves fam\u00edlies. \u00c9s incre\u00efble que quan m\u00e9s allunyats estem \u00e9s quan m\u00e9s propers ens estem sentint tota la comunitat educativa: l&#8217;equip de l&#8217;escola, l&#8217;alumnat, les fam\u00edlies&#8230;<br \/>\nAvui ens heu posat un nus a la gola, d&#8217;aquells que costen d&#8217;empassar per\u00f2 que quan ho fas, es converteixen en una bona dosi d&#8217;energia per seguir amb aquesta situaci\u00f3 amb el m\u00e0xim de positivisme.<br \/>\nMOLTES GR\u00c0CIES pel vostre v\u00eddeo.<br \/>\nCuideu-vos molt, fam\u00edlies del Prat de la Riba. Seguim en contacte perqu\u00e8&#8230;Junts som invencibles!<\/p>\n<p>&nbsp;<iframe loading=\"lazy\" src=\"https:\/\/player.vimeo.com\/video\/400172915?portrait=0\" width=\"500\" height=\"281\" frameborder=\"0\" allow=\"autoplay; fullscreen\" allowfullscreen><\/iframe><\/p>\n","protected":false},"excerpt":{"rendered":"<p>Estimades fam\u00edlies, Hi ha una frase que diu: \u201cEn los m\u00e1s oscuros cielos es cuando se ven las estrellas m\u00e1s brillantes\u201d. Per nosaltres, ara que estem sota un cel ben fosc, el de no poder estar on ens toca, a l&#8217;escola fent la nostra feina amb els alumnes, ens estem adonant de les estrelles tan [&hellip;]<\/p>\n","protected":false},"author":4,"featured_media":9919,"comment_status":"open","ping_status":"closed","sticky":false,"template":"","format":"standard","meta":{"_bbp_topic_count":0,"_bbp_reply_count":0,"_bbp_total_topic_count":0,"_bbp_total_reply_count":0,"_bbp_voice_count":0,"_bbp_anonymous_reply_count":0,"_bbp_topic_count_hidden":0,"_bbp_reply_count_hidden":0,"_bbp_forum_subforum_count":0,"site-sidebar-layout":"default","site-content-layout":"","ast-site-content-layout":"","site-content-style":"default","site-sidebar-style":"default","ast-global-header-display":"","ast-banner-title-visibility":"","ast-main-header-display":"","ast-hfb-above-header-display":"","ast-hfb-below-header-display":"","ast-hfb-mobile-header-display":"","site-post-title":"","ast-breadcrumbs-content":"","ast-featured-img":"","footer-sml-layout":"","theme-transparent-header-meta":"","adv-header-id-meta":"","stick-header-meta":"","header-above-stick-meta":"","header-main-stick-meta":"","header-below-stick-meta":"","astra-migrate-meta-layouts":"default","ast-page-background-enabled":"default","ast-page-background-meta":{"desktop":{"background-color":"var(--ast-global-color-4)","background-image":"","background-repeat":"repeat","background-position":"center center","background-size":"auto","background-attachment":"scroll","background-type":"","background-media":"","overlay-type":"","overlay-color":"","overlay-opacity":"","overlay-gradient":""},"tablet":{"background-color":"","background-image":"","background-repeat":"repeat","background-position":"center center","background-size":"auto","background-attachment":"scroll","background-type":"","background-media":"","overlay-type":"","overlay-color":"","overlay-opacity":"","overlay-gradient":""},"mobile":{"background-color":"","background-image":"","background-repeat":"repeat","background-position":"center center","background-size":"auto","background-attachment":"scroll","background-type":"","background-media":"","overlay-type":"","overlay-color":"","overlay-opacity":"","overlay-gradient":""}},"ast-content-background-meta":{"desktop":{"background-color":"var(--ast-global-color-5)","background-image":"","background-repeat":"repeat","background-position":"center center","background-size":"auto","background-attachment":"scroll","background-type":"","background-media":"","overlay-type":"","overlay-color":"","overlay-opacity":"","overlay-gradient":""},"tablet":{"background-color":"var(--ast-global-color-5)","background-image":"","background-repeat":"repeat","background-position":"center center","background-size":"auto","background-attachment":"scroll","background-type":"","background-media":"","overlay-type":"","overlay-color":"","overlay-opacity":"","overlay-gradient":""},"mobile":{"background-color":"var(--ast-global-color-5)","background-image":"","background-repeat":"repeat","background-position":"center center","background-size":"auto","background-attachment":"scroll","background-type":"","background-media":"","overlay-type":"","overlay-color":"","overlay-opacity":"","overlay-gradient":""}},"footnotes":""},"categories":[1,4],"tags":[],"class_list":["post-9917","post","type-post","status-publish","format-standard","has-post-thumbnail","hentry","category-general","category-portada"],"post_mailing_queue_ids":[],"_links":{"self":[{"href":"https:\/\/agora.xtec.cat\/escolapratdelariba\/wp-json\/wp\/v2\/posts\/9917","targetHints":{"allow":["GET"]}}],"collection":[{"href":"https:\/\/agora.xtec.cat\/escolapratdelariba\/wp-json\/wp\/v2\/posts"}],"about":[{"href":"https:\/\/agora.xtec.cat\/escolapratdelariba\/wp-json\/wp\/v2\/types\/post"}],"author":[{"embeddable":true,"href":"https:\/\/agora.xtec.cat\/escolapratdelariba\/wp-json\/wp\/v2\/users\/4"}],"replies":[{"embeddable":true,"href":"https:\/\/agora.xtec.cat\/escolapratdelariba\/wp-json\/wp\/v2\/comments?post=9917"}],"version-history":[{"count":1,"href":"https:\/\/agora.xtec.cat\/escolapratdelariba\/wp-json\/wp\/v2\/posts\/9917\/revisions"}],"predecessor-version":[{"id":9918,"href":"https:\/\/agora.xtec.cat\/escolapratdelariba\/wp-json\/wp\/v2\/posts\/9917\/revisions\/9918"}],"wp:featuredmedia":[{"embeddable":true,"href":"https:\/\/agora.xtec.cat\/escolapratdelariba\/wp-json\/wp\/v2\/media\/9919"}],"wp:attachment":[{"href":"https:\/\/agora.xtec.cat\/escolapratdelariba\/wp-json\/wp\/v2\/media?parent=9917"}],"wp:term":[{"taxonomy":"category","embeddable":true,"href":"https:\/\/agora.xtec.cat\/escolapratdelariba\/wp-json\/wp\/v2\/categories?post=9917"},{"taxonomy":"post_tag","embeddable":true,"href":"https:\/\/agora.xtec.cat\/escolapratdelariba\/wp-json\/wp\/v2\/tags?post=9917"}],"curies":[{"name":"wp","href":"https:\/\/api.w.org\/{rel}","templated":true}]}}