{"id":9670,"date":"2019-10-10T10:40:19","date_gmt":"2019-10-10T08:40:19","guid":{"rendered":"http:\/\/agora.xtec.cat\/escolapratdelariba\/?p=9670"},"modified":"2019-10-10T10:40:19","modified_gmt":"2019-10-10T08:40:19","slug":"dia-europeu-de-lesport-escolar","status":"publish","type":"post","link":"https:\/\/agora.xtec.cat\/escolapratdelariba\/general\/dia-europeu-de-lesport-escolar\/","title":{"rendered":"DIA EUROPEU DE L&#8217;ESPORT ESCOLAR"},"content":{"rendered":"<p>El passat 27 de setembre, es va celebrar el Dia Europeu de l&#8217;Esport Escolar. Aquesta iniciativa t\u00e9 com a objectiu fomentar l&#8217;activitat f\u00edsica entre els nois i noies en edat escolar, tant com a h\u00e0bit saludable i com a eina per fomentar les relacions socials.<\/p>\n<p><iframe loading=\"lazy\" src=\"\/\/player.vimeo.com\/video\/365470899?title=0&amp;amp;byline=0\" width=\"640\" height=\"480\" frameborder=\"0\" allowfullscreen=\"allowfullscreen\" data-mce-fragment=\"1\"><\/iframe><\/p>\n<p><a href=\"https:\/\/vimeo.com\/365470899\">Dia Europeu de l&#8217;Esport Escolar<\/a> from <a href=\"https:\/\/vimeo.com\/user80546736\">pratribavideos<\/a> on <a href=\"https:\/\/vimeo.com\">Vimeo<\/a>.<\/p>\n<p><!--more--><\/p>\n<p>Per tal que les escoles i institut s&#8217;afegissin a aquesta celebraci\u00f3 era necessari que cada centre organitz\u00e9s una activitat, durant els primers dies del mes d&#8217;octubre, on participessin alumnes de diferents edats, i que tingu\u00e9s una durada aproximada de dues hores.<\/p>\n<p>Aix\u00ed doncs, el passat dilluns 7 d&#8217;octubre, els nois i noies de cicle mitj\u00e0 i cicle superior van poder gaudir d&#8217;una jornada amb diferents activitats esportives: bales, cursa cont\u00ednua, raquetes i spiribol, touchball, gomes, b\u00e0dminton i acrosport.<\/p>\n<p>L&#8217;activitat va ser tot un \u00e8xit, i per aquest motiu, hem decidit que el proper curs ampliarem la participaci\u00f3 a tots els nens i nenes de l&#8217;escola.<\/p>\n","protected":false},"excerpt":{"rendered":"<p>El passat 27 de setembre, es va celebrar el Dia Europeu de l&#8217;Esport Escolar. Aquesta iniciativa t\u00e9 com a objectiu fomentar l&#8217;activitat f\u00edsica entre els nois i noies en edat escolar, tant com a h\u00e0bit saludable i com a eina per fomentar les relacions socials. Dia Europeu de l&#8217;Esport Escolar from pratribavideos on Vimeo.<\/p>\n","protected":false},"author":4,"featured_media":0,"comment_status":"open","ping_status":"closed","sticky":false,"template":"","format":"standard","meta":{"_bbp_topic_count":0,"_bbp_reply_count":0,"_bbp_total_topic_count":0,"_bbp_total_reply_count":0,"_bbp_voice_count":0,"_bbp_anonymous_reply_count":0,"_bbp_topic_count_hidden":0,"_bbp_reply_count_hidden":0,"_bbp_forum_subforum_count":0,"site-sidebar-layout":"default","site-content-layout":"","ast-site-content-layout":"","site-content-style":"default","site-sidebar-style":"default","ast-global-header-display":"","ast-banner-title-visibility":"","ast-main-header-display":"","ast-hfb-above-header-display":"","ast-hfb-below-header-display":"","ast-hfb-mobile-header-display":"","site-post-title":"","ast-breadcrumbs-content":"","ast-featured-img":"","footer-sml-layout":"","theme-transparent-header-meta":"","adv-header-id-meta":"","stick-header-meta":"","header-above-stick-meta":"","header-main-stick-meta":"","header-below-stick-meta":"","astra-migrate-meta-layouts":"default","ast-page-background-enabled":"default","ast-page-background-meta":{"desktop":{"background-color":"var(--ast-global-color-4)","background-image":"","background-repeat":"repeat","background-position":"center center","background-size":"auto","background-attachment":"scroll","background-type":"","background-media":"","overlay-type":"","overlay-color":"","overlay-opacity":"","overlay-gradient":""},"tablet":{"background-color":"","background-image":"","background-repeat":"repeat","background-position":"center center","background-size":"auto","background-attachment":"scroll","background-type":"","background-media":"","overlay-type":"","overlay-color":"","overlay-opacity":"","overlay-gradient":""},"mobile":{"background-color":"","background-image":"","background-repeat":"repeat","background-position":"center center","background-size":"auto","background-attachment":"scroll","background-type":"","background-media":"","overlay-type":"","overlay-color":"","overlay-opacity":"","overlay-gradient":""}},"ast-content-background-meta":{"desktop":{"background-color":"var(--ast-global-color-5)","background-image":"","background-repeat":"repeat","background-position":"center center","background-size":"auto","background-attachment":"scroll","background-type":"","background-media":"","overlay-type":"","overlay-color":"","overlay-opacity":"","overlay-gradient":""},"tablet":{"background-color":"var(--ast-global-color-5)","background-image":"","background-repeat":"repeat","background-position":"center center","background-size":"auto","background-attachment":"scroll","background-type":"","background-media":"","overlay-type":"","overlay-color":"","overlay-opacity":"","overlay-gradient":""},"mobile":{"background-color":"var(--ast-global-color-5)","background-image":"","background-repeat":"repeat","background-position":"center center","background-size":"auto","background-attachment":"scroll","background-type":"","background-media":"","overlay-type":"","overlay-color":"","overlay-opacity":"","overlay-gradient":""}},"footnotes":""},"categories":[1,4],"tags":[],"class_list":["post-9670","post","type-post","status-publish","format-standard","hentry","category-general","category-portada"],"post_mailing_queue_ids":[],"_links":{"self":[{"href":"https:\/\/agora.xtec.cat\/escolapratdelariba\/wp-json\/wp\/v2\/posts\/9670","targetHints":{"allow":["GET"]}}],"collection":[{"href":"https:\/\/agora.xtec.cat\/escolapratdelariba\/wp-json\/wp\/v2\/posts"}],"about":[{"href":"https:\/\/agora.xtec.cat\/escolapratdelariba\/wp-json\/wp\/v2\/types\/post"}],"author":[{"embeddable":true,"href":"https:\/\/agora.xtec.cat\/escolapratdelariba\/wp-json\/wp\/v2\/users\/4"}],"replies":[{"embeddable":true,"href":"https:\/\/agora.xtec.cat\/escolapratdelariba\/wp-json\/wp\/v2\/comments?post=9670"}],"version-history":[{"count":1,"href":"https:\/\/agora.xtec.cat\/escolapratdelariba\/wp-json\/wp\/v2\/posts\/9670\/revisions"}],"predecessor-version":[{"id":9671,"href":"https:\/\/agora.xtec.cat\/escolapratdelariba\/wp-json\/wp\/v2\/posts\/9670\/revisions\/9671"}],"wp:attachment":[{"href":"https:\/\/agora.xtec.cat\/escolapratdelariba\/wp-json\/wp\/v2\/media?parent=9670"}],"wp:term":[{"taxonomy":"category","embeddable":true,"href":"https:\/\/agora.xtec.cat\/escolapratdelariba\/wp-json\/wp\/v2\/categories?post=9670"},{"taxonomy":"post_tag","embeddable":true,"href":"https:\/\/agora.xtec.cat\/escolapratdelariba\/wp-json\/wp\/v2\/tags?post=9670"}],"curies":[{"name":"wp","href":"https:\/\/api.w.org\/{rel}","templated":true}]}}