{"id":9652,"date":"2019-09-10T09:54:49","date_gmt":"2019-09-10T07:54:49","guid":{"rendered":"http:\/\/agora.xtec.cat\/escolapratdelariba\/?p=9652"},"modified":"2019-09-23T10:59:33","modified_gmt":"2019-09-23T08:59:33","slug":"benvinguts-i-benvingudes-al-curs-2019-20","status":"publish","type":"post","link":"https:\/\/agora.xtec.cat\/escolapratdelariba\/general\/benvinguts-i-benvingudes-al-curs-2019-20\/","title":{"rendered":"BENVINGUTS I BENVINGUDES AL CURS 2019-20"},"content":{"rendered":"<p>A l&#8217;escola Prat de la Riba ja ho tenim tot preparat per a comen\u00e7ar un nou curs. Esperem que tots els nens i nenes hagin gaudit al m\u00e0xim de les seves vacances i tinguin moltes ganes de retrobar-se amb els seus companys i companyes el dijous 12 de setembre a les 9 del mat\u00ed.<\/p>\n<p>Per comen\u00e7ar, us comentem un parell de novetats que podran trobar els i les alumnes el primer dia d&#8217;escola. La primera \u00e9s que despr\u00e9s de molts anys intentant-ho, per fi tenim una font a pati. L&#8217;ajuntament tamb\u00e9 ha instal\u00b7lat al pati un petit mur amb un banc al costat del porxo, per tal que els nois i noies hi puguin seure, i al mateix temps evitar el moviment de la sorra quan plou. I per acabar, us volem ensenyar les noves taules del menjador.<\/p>\n<p>Esperem que el curs que ara comen\u00e7a sigui de profit per a tothom i el puguem gaudir al m\u00e0xim.<!--more--><\/p>\n<p><a href=\"https:\/\/agora.xtec.cat\/escolapratdelariba\/wp-content\/uploads\/usu534\/2019\/09\/20190910_093055.jpg\"><img loading=\"lazy\" decoding=\"async\" class=\"alignnone size-medium wp-image-9653\" src=\"https:\/\/agora.xtec.cat\/escolapratdelariba\/wp-content\/uploads\/usu534\/2019\/09\/20190910_093055-300x225.jpg\" alt=\"\" width=\"300\" height=\"225\" \/><\/a> <a href=\"https:\/\/agora.xtec.cat\/escolapratdelariba\/wp-content\/uploads\/usu534\/2019\/09\/20190910_093130.jpg\"><img loading=\"lazy\" decoding=\"async\" class=\"alignnone size-medium wp-image-9654\" src=\"https:\/\/agora.xtec.cat\/escolapratdelariba\/wp-content\/uploads\/usu534\/2019\/09\/20190910_093130-300x225.jpg\" alt=\"\" width=\"300\" height=\"225\" srcset=\"https:\/\/agora.xtec.cat\/escolapratdelariba\/wp-content\/uploads\/usu534\/2019\/09\/20190910_093130-300x225.jpg 300w, https:\/\/agora.xtec.cat\/escolapratdelariba\/wp-content\/uploads\/usu534\/2019\/09\/20190910_093130-768x576.jpg 768w, https:\/\/agora.xtec.cat\/escolapratdelariba\/wp-content\/uploads\/usu534\/2019\/09\/20190910_093130-1024x768.jpg 1024w, https:\/\/agora.xtec.cat\/escolapratdelariba\/wp-content\/uploads\/usu534\/2019\/09\/20190910_093130-200x150.jpg 200w, https:\/\/agora.xtec.cat\/escolapratdelariba\/wp-content\/uploads\/usu534\/2019\/09\/20190910_093130.jpg 1382w\" sizes=\"auto, (max-width: 300px) 100vw, 300px\" \/><\/a> <a href=\"https:\/\/agora.xtec.cat\/escolapratdelariba\/wp-content\/uploads\/usu534\/2019\/09\/20190910_093155.jpg\"><img loading=\"lazy\" decoding=\"async\" class=\"alignnone size-medium wp-image-9655\" src=\"https:\/\/agora.xtec.cat\/escolapratdelariba\/wp-content\/uploads\/usu534\/2019\/09\/20190910_093155-300x225.jpg\" alt=\"\" width=\"300\" height=\"225\" srcset=\"https:\/\/agora.xtec.cat\/escolapratdelariba\/wp-content\/uploads\/usu534\/2019\/09\/20190910_093155-300x225.jpg 300w, https:\/\/agora.xtec.cat\/escolapratdelariba\/wp-content\/uploads\/usu534\/2019\/09\/20190910_093155-768x576.jpg 768w, https:\/\/agora.xtec.cat\/escolapratdelariba\/wp-content\/uploads\/usu534\/2019\/09\/20190910_093155-1024x768.jpg 1024w, https:\/\/agora.xtec.cat\/escolapratdelariba\/wp-content\/uploads\/usu534\/2019\/09\/20190910_093155-200x150.jpg 200w, https:\/\/agora.xtec.cat\/escolapratdelariba\/wp-content\/uploads\/usu534\/2019\/09\/20190910_093155.jpg 1382w\" sizes=\"auto, (max-width: 300px) 100vw, 300px\" \/><\/a><\/p>\n","protected":false},"excerpt":{"rendered":"<p>A l&#8217;escola Prat de la Riba ja ho tenim tot preparat per a comen\u00e7ar un nou curs. Esperem que tots els nens i nenes hagin gaudit al m\u00e0xim de les seves vacances i tinguin moltes ganes de retrobar-se amb els seus companys i companyes el dijous 12 de setembre a les 9 del mat\u00ed. Per [&hellip;]<\/p>\n","protected":false},"author":4,"featured_media":0,"comment_status":"open","ping_status":"closed","sticky":false,"template":"","format":"standard","meta":{"_bbp_topic_count":0,"_bbp_reply_count":0,"_bbp_total_topic_count":0,"_bbp_total_reply_count":0,"_bbp_voice_count":0,"_bbp_anonymous_reply_count":0,"_bbp_topic_count_hidden":0,"_bbp_reply_count_hidden":0,"_bbp_forum_subforum_count":0,"site-sidebar-layout":"default","site-content-layout":"","ast-site-content-layout":"","site-content-style":"default","site-sidebar-style":"default","ast-global-header-display":"","ast-banner-title-visibility":"","ast-main-header-display":"","ast-hfb-above-header-display":"","ast-hfb-below-header-display":"","ast-hfb-mobile-header-display":"","site-post-title":"","ast-breadcrumbs-content":"","ast-featured-img":"","footer-sml-layout":"","theme-transparent-header-meta":"","adv-header-id-meta":"","stick-header-meta":"","header-above-stick-meta":"","header-main-stick-meta":"","header-below-stick-meta":"","astra-migrate-meta-layouts":"default","ast-page-background-enabled":"default","ast-page-background-meta":{"desktop":{"background-color":"var(--ast-global-color-4)","background-image":"","background-repeat":"repeat","background-position":"center center","background-size":"auto","background-attachment":"scroll","background-type":"","background-media":"","overlay-type":"","overlay-color":"","overlay-opacity":"","overlay-gradient":""},"tablet":{"background-color":"","background-image":"","background-repeat":"repeat","background-position":"center center","background-size":"auto","background-attachment":"scroll","background-type":"","background-media":"","overlay-type":"","overlay-color":"","overlay-opacity":"","overlay-gradient":""},"mobile":{"background-color":"","background-image":"","background-repeat":"repeat","background-position":"center center","background-size":"auto","background-attachment":"scroll","background-type":"","background-media":"","overlay-type":"","overlay-color":"","overlay-opacity":"","overlay-gradient":""}},"ast-content-background-meta":{"desktop":{"background-color":"var(--ast-global-color-5)","background-image":"","background-repeat":"repeat","background-position":"center center","background-size":"auto","background-attachment":"scroll","background-type":"","background-media":"","overlay-type":"","overlay-color":"","overlay-opacity":"","overlay-gradient":""},"tablet":{"background-color":"var(--ast-global-color-5)","background-image":"","background-repeat":"repeat","background-position":"center center","background-size":"auto","background-attachment":"scroll","background-type":"","background-media":"","overlay-type":"","overlay-color":"","overlay-opacity":"","overlay-gradient":""},"mobile":{"background-color":"var(--ast-global-color-5)","background-image":"","background-repeat":"repeat","background-position":"center center","background-size":"auto","background-attachment":"scroll","background-type":"","background-media":"","overlay-type":"","overlay-color":"","overlay-opacity":"","overlay-gradient":""}},"footnotes":""},"categories":[1,4],"tags":[],"class_list":["post-9652","post","type-post","status-publish","format-standard","hentry","category-general","category-portada"],"post_mailing_queue_ids":[],"_links":{"self":[{"href":"https:\/\/agora.xtec.cat\/escolapratdelariba\/wp-json\/wp\/v2\/posts\/9652","targetHints":{"allow":["GET"]}}],"collection":[{"href":"https:\/\/agora.xtec.cat\/escolapratdelariba\/wp-json\/wp\/v2\/posts"}],"about":[{"href":"https:\/\/agora.xtec.cat\/escolapratdelariba\/wp-json\/wp\/v2\/types\/post"}],"author":[{"embeddable":true,"href":"https:\/\/agora.xtec.cat\/escolapratdelariba\/wp-json\/wp\/v2\/users\/4"}],"replies":[{"embeddable":true,"href":"https:\/\/agora.xtec.cat\/escolapratdelariba\/wp-json\/wp\/v2\/comments?post=9652"}],"version-history":[{"count":3,"href":"https:\/\/agora.xtec.cat\/escolapratdelariba\/wp-json\/wp\/v2\/posts\/9652\/revisions"}],"predecessor-version":[{"id":9668,"href":"https:\/\/agora.xtec.cat\/escolapratdelariba\/wp-json\/wp\/v2\/posts\/9652\/revisions\/9668"}],"wp:attachment":[{"href":"https:\/\/agora.xtec.cat\/escolapratdelariba\/wp-json\/wp\/v2\/media?parent=9652"}],"wp:term":[{"taxonomy":"category","embeddable":true,"href":"https:\/\/agora.xtec.cat\/escolapratdelariba\/wp-json\/wp\/v2\/categories?post=9652"},{"taxonomy":"post_tag","embeddable":true,"href":"https:\/\/agora.xtec.cat\/escolapratdelariba\/wp-json\/wp\/v2\/tags?post=9652"}],"curies":[{"name":"wp","href":"https:\/\/api.w.org\/{rel}","templated":true}]}}