{"id":9582,"date":"2019-04-25T16:15:41","date_gmt":"2019-04-25T14:15:41","guid":{"rendered":"http:\/\/agora.xtec.cat\/escolapratdelariba\/?p=9582"},"modified":"2019-04-29T15:41:10","modified_gmt":"2019-04-29T13:41:10","slug":"setmana-cultural-la-cursa-solidaria","status":"publish","type":"post","link":"https:\/\/agora.xtec.cat\/escolapratdelariba\/general\/setmana-cultural-la-cursa-solidaria\/","title":{"rendered":"SETMANA CULTURAL: la Cursa Solid\u00e0ria"},"content":{"rendered":"<p><iframe loading=\"lazy\" src=\"https:\/\/player.vimeo.com\/video\/332451988\" width=\"450\" height=\"300\" frameborder=\"0\" allowfullscreen=\"allowfullscreen\" data-mce-fragment=\"1\"><\/iframe><\/p>\n<p>Hola fam\u00edlies,<\/p>\n<p>Com ja sabeu, durant la setmana de Sant Jordi hem celebrat la Setmana Cultural de l&#8217;escola. Si el dimarts 23 vam celebrar la Diada de Sant Jordi,el dimecres 24 vam celebrar la Cursa Solid\u00e0ria. Enguany arrib\u00e0vem a la cinquena edici\u00f3, que s&#8217;ha anomenat RUN TO HELP PERSONES AMB DISCAPACITAT INTEL\u00b7LECTUAL. L&#8217;entitat escollida pels nois i noies de sis\u00e8, com a destinat\u00e0ria dels diners recollits va ser la Fundaci\u00f3 Finestrelles, que treballa per la inclusi\u00f3 de les persones amb discapacitat intel\u00b7lectual.<!--more--><\/p>\n<p>La cursa solid\u00e0ria \u00e9s un projecte que porten a terme els nois i noies de sis\u00e8, que s&#8217;encarreguen d&#8217;organitzar tot l&#8217;esdeveniment. Des de triar l&#8217;entitat destinat\u00e0ria, crear el logo i el cartell de la cursa, enviar les invitacions, redactar les notes informatives per a les fam\u00edlies&#8230;<\/p>\n<p>Una representaci\u00f3 de la Fundaci\u00f3 Finestrelles ens van acompanyar i, a banda de dirigir-nos unes paraules d&#8217;agra\u00efment, van regalar un obsequi, que havien fet als seus tallers, per a cada alumne de sis\u00e8.<\/p>\n<p>A banda d&#8217;alguns representants de la fundaci\u00f3, tamb\u00e9 vam poder comptar amb la pres\u00e8ncia d&#8217;alguns representants de l&#8217;ajuntament, l&#8217;alcaldessa Pilar Diaz, la regidora d&#8217;esports Montse Zamora, la t\u00e8cnica de la secci\u00f3 d&#8217;esports Roser Muntany\u00e0 i la responsable del servei d&#8217;atenci\u00f3 a la inf\u00e0ncia i la fam\u00edlia Africa Parra.<\/p>\n<p>A l&#8217;acabar la cursa, alumnes i fam\u00edlies van participar en una activitat conjunta, que els nois i noies de sis\u00e8 tenien preparada, a mode de sorpresa, i com a activitat de tancament de l&#8217;esdeveniment.<\/p>\n<p>En aquest petit v\u00eddeo teniu un petit tastet, amb algunes imatges.<\/p>\n","protected":false},"excerpt":{"rendered":"<p>Hola fam\u00edlies, Com ja sabeu, durant la setmana de Sant Jordi hem celebrat la Setmana Cultural de l&#8217;escola. Si el dimarts 23 vam celebrar la Diada de Sant Jordi,el dimecres 24 vam celebrar la Cursa Solid\u00e0ria. Enguany arrib\u00e0vem a la cinquena edici\u00f3, que s&#8217;ha anomenat RUN TO HELP PERSONES AMB DISCAPACITAT INTEL\u00b7LECTUAL. L&#8217;entitat escollida pels [&hellip;]<\/p>\n","protected":false},"author":4,"featured_media":0,"comment_status":"open","ping_status":"closed","sticky":false,"template":"","format":"standard","meta":{"_bbp_topic_count":0,"_bbp_reply_count":0,"_bbp_total_topic_count":0,"_bbp_total_reply_count":0,"_bbp_voice_count":0,"_bbp_anonymous_reply_count":0,"_bbp_topic_count_hidden":0,"_bbp_reply_count_hidden":0,"_bbp_forum_subforum_count":0,"site-sidebar-layout":"default","site-content-layout":"","ast-site-content-layout":"","site-content-style":"default","site-sidebar-style":"default","ast-global-header-display":"","ast-banner-title-visibility":"","ast-main-header-display":"","ast-hfb-above-header-display":"","ast-hfb-below-header-display":"","ast-hfb-mobile-header-display":"","site-post-title":"","ast-breadcrumbs-content":"","ast-featured-img":"","footer-sml-layout":"","theme-transparent-header-meta":"","adv-header-id-meta":"","stick-header-meta":"","header-above-stick-meta":"","header-main-stick-meta":"","header-below-stick-meta":"","astra-migrate-meta-layouts":"default","ast-page-background-enabled":"default","ast-page-background-meta":{"desktop":{"background-color":"var(--ast-global-color-4)","background-image":"","background-repeat":"repeat","background-position":"center center","background-size":"auto","background-attachment":"scroll","background-type":"","background-media":"","overlay-type":"","overlay-color":"","overlay-opacity":"","overlay-gradient":""},"tablet":{"background-color":"","background-image":"","background-repeat":"repeat","background-position":"center center","background-size":"auto","background-attachment":"scroll","background-type":"","background-media":"","overlay-type":"","overlay-color":"","overlay-opacity":"","overlay-gradient":""},"mobile":{"background-color":"","background-image":"","background-repeat":"repeat","background-position":"center center","background-size":"auto","background-attachment":"scroll","background-type":"","background-media":"","overlay-type":"","overlay-color":"","overlay-opacity":"","overlay-gradient":""}},"ast-content-background-meta":{"desktop":{"background-color":"var(--ast-global-color-5)","background-image":"","background-repeat":"repeat","background-position":"center center","background-size":"auto","background-attachment":"scroll","background-type":"","background-media":"","overlay-type":"","overlay-color":"","overlay-opacity":"","overlay-gradient":""},"tablet":{"background-color":"var(--ast-global-color-5)","background-image":"","background-repeat":"repeat","background-position":"center center","background-size":"auto","background-attachment":"scroll","background-type":"","background-media":"","overlay-type":"","overlay-color":"","overlay-opacity":"","overlay-gradient":""},"mobile":{"background-color":"var(--ast-global-color-5)","background-image":"","background-repeat":"repeat","background-position":"center center","background-size":"auto","background-attachment":"scroll","background-type":"","background-media":"","overlay-type":"","overlay-color":"","overlay-opacity":"","overlay-gradient":""}},"footnotes":""},"categories":[1,4],"tags":[],"class_list":["post-9582","post","type-post","status-publish","format-standard","hentry","category-general","category-portada"],"post_mailing_queue_ids":[],"_links":{"self":[{"href":"https:\/\/agora.xtec.cat\/escolapratdelariba\/wp-json\/wp\/v2\/posts\/9582","targetHints":{"allow":["GET"]}}],"collection":[{"href":"https:\/\/agora.xtec.cat\/escolapratdelariba\/wp-json\/wp\/v2\/posts"}],"about":[{"href":"https:\/\/agora.xtec.cat\/escolapratdelariba\/wp-json\/wp\/v2\/types\/post"}],"author":[{"embeddable":true,"href":"https:\/\/agora.xtec.cat\/escolapratdelariba\/wp-json\/wp\/v2\/users\/4"}],"replies":[{"embeddable":true,"href":"https:\/\/agora.xtec.cat\/escolapratdelariba\/wp-json\/wp\/v2\/comments?post=9582"}],"version-history":[{"count":3,"href":"https:\/\/agora.xtec.cat\/escolapratdelariba\/wp-json\/wp\/v2\/posts\/9582\/revisions"}],"predecessor-version":[{"id":9601,"href":"https:\/\/agora.xtec.cat\/escolapratdelariba\/wp-json\/wp\/v2\/posts\/9582\/revisions\/9601"}],"wp:attachment":[{"href":"https:\/\/agora.xtec.cat\/escolapratdelariba\/wp-json\/wp\/v2\/media?parent=9582"}],"wp:term":[{"taxonomy":"category","embeddable":true,"href":"https:\/\/agora.xtec.cat\/escolapratdelariba\/wp-json\/wp\/v2\/categories?post=9582"},{"taxonomy":"post_tag","embeddable":true,"href":"https:\/\/agora.xtec.cat\/escolapratdelariba\/wp-json\/wp\/v2\/tags?post=9582"}],"curies":[{"name":"wp","href":"https:\/\/api.w.org\/{rel}","templated":true}]}}