{"id":9499,"date":"2019-02-19T09:18:45","date_gmt":"2019-02-19T08:18:45","guid":{"rendered":"http:\/\/agora.xtec.cat\/escolapratdelariba\/?p=9499"},"modified":"2019-03-13T12:13:24","modified_gmt":"2019-03-13T11:13:24","slug":"gracies-per-venir-a-la-xocolatada-solidaria","status":"publish","type":"post","link":"https:\/\/agora.xtec.cat\/escolapratdelariba\/general\/gracies-per-venir-a-la-xocolatada-solidaria\/","title":{"rendered":"GR\u00c0CIES PER VENIR A LA XOCOLATADA SOLID\u00c0RIA"},"content":{"rendered":"<p><a href=\"https:\/\/agora.xtec.cat\/escolapratdelariba\/wp-content\/uploads\/usu534\/2019\/02\/Collage-xocolatada.jpg\"><img loading=\"lazy\" decoding=\"async\" class=\"wp-image-9500 size-large alignnone\" src=\"https:\/\/agora.xtec.cat\/escolapratdelariba\/wp-content\/uploads\/usu534\/2019\/02\/Collage-xocolatada-1024x569.jpg\" alt=\"\" width=\"1024\" height=\"569\" srcset=\"https:\/\/agora.xtec.cat\/escolapratdelariba\/wp-content\/uploads\/usu534\/2019\/02\/Collage-xocolatada.jpg 1024w, https:\/\/agora.xtec.cat\/escolapratdelariba\/wp-content\/uploads\/usu534\/2019\/02\/Collage-xocolatada-300x167.jpg 300w, https:\/\/agora.xtec.cat\/escolapratdelariba\/wp-content\/uploads\/usu534\/2019\/02\/Collage-xocolatada-768x427.jpg 768w\" sizes=\"auto, (max-width: 1024px) 100vw, 1024px\" \/><\/a>La XOCOLATADA SOLID\u00c0RIA va ser un \u00e8xit, i gr\u00e0cies als donatius rebuts es van recaptar prop de 700\u20ac, que seran \u00edntegrament destinats a l&#8217;Hospital Sant Joan de D\u00e9u per a la investigaci\u00f3 del c\u00e0ncer infantil.<!--more--><\/p>\n<p>Volem agrair a totes les fam\u00edlies que van col\u00b7laborar amb la seva aportaci\u00f3 econ\u00f2mica, aix\u00ed com als voluntaris i volunt\u00e0ries de l&#8217;AMPA que van fer possible la celebraci\u00f3 de l&#8217;acte ajudant en les tasques d&#8217;organitzaci\u00f3.<\/p>\n<p>Tamb\u00e9 fem extensiu l&#8217;agra\u00efment a l&#8217;empresa\u00a0<i>Com A Casa &#8211; Menjadors escolars<\/i>, que va oferir la xocolata i els melindros sense cap cost, al personal del menjador, cuineres i al conserge. I molt especialment al Mag Moevius, que va actuar de manera gratu\u00efta.<\/p>\n<p>Gr\u00e0cies a tots i totes per la vostra solidaritat.<\/p>\n<p>&nbsp;<\/p>\n<p>&nbsp;<\/p>\n","protected":false},"excerpt":{"rendered":"<p>La XOCOLATADA SOLID\u00c0RIA va ser un \u00e8xit, i gr\u00e0cies als donatius rebuts es van recaptar prop de 700\u20ac, que seran \u00edntegrament destinats a l&#8217;Hospital Sant Joan de D\u00e9u per a la investigaci\u00f3 del c\u00e0ncer infantil.<\/p>\n","protected":false},"author":4,"featured_media":0,"comment_status":"open","ping_status":"closed","sticky":false,"template":"","format":"standard","meta":{"_bbp_topic_count":0,"_bbp_reply_count":0,"_bbp_total_topic_count":0,"_bbp_total_reply_count":0,"_bbp_voice_count":0,"_bbp_anonymous_reply_count":0,"_bbp_topic_count_hidden":0,"_bbp_reply_count_hidden":0,"_bbp_forum_subforum_count":0,"site-sidebar-layout":"default","site-content-layout":"","ast-site-content-layout":"","site-content-style":"default","site-sidebar-style":"default","ast-global-header-display":"","ast-banner-title-visibility":"","ast-main-header-display":"","ast-hfb-above-header-display":"","ast-hfb-below-header-display":"","ast-hfb-mobile-header-display":"","site-post-title":"","ast-breadcrumbs-content":"","ast-featured-img":"","footer-sml-layout":"","theme-transparent-header-meta":"","adv-header-id-meta":"","stick-header-meta":"","header-above-stick-meta":"","header-main-stick-meta":"","header-below-stick-meta":"","astra-migrate-meta-layouts":"default","ast-page-background-enabled":"default","ast-page-background-meta":{"desktop":{"background-color":"var(--ast-global-color-4)","background-image":"","background-repeat":"repeat","background-position":"center center","background-size":"auto","background-attachment":"scroll","background-type":"","background-media":"","overlay-type":"","overlay-color":"","overlay-opacity":"","overlay-gradient":""},"tablet":{"background-color":"","background-image":"","background-repeat":"repeat","background-position":"center center","background-size":"auto","background-attachment":"scroll","background-type":"","background-media":"","overlay-type":"","overlay-color":"","overlay-opacity":"","overlay-gradient":""},"mobile":{"background-color":"","background-image":"","background-repeat":"repeat","background-position":"center center","background-size":"auto","background-attachment":"scroll","background-type":"","background-media":"","overlay-type":"","overlay-color":"","overlay-opacity":"","overlay-gradient":""}},"ast-content-background-meta":{"desktop":{"background-color":"var(--ast-global-color-5)","background-image":"","background-repeat":"repeat","background-position":"center center","background-size":"auto","background-attachment":"scroll","background-type":"","background-media":"","overlay-type":"","overlay-color":"","overlay-opacity":"","overlay-gradient":""},"tablet":{"background-color":"var(--ast-global-color-5)","background-image":"","background-repeat":"repeat","background-position":"center center","background-size":"auto","background-attachment":"scroll","background-type":"","background-media":"","overlay-type":"","overlay-color":"","overlay-opacity":"","overlay-gradient":""},"mobile":{"background-color":"var(--ast-global-color-5)","background-image":"","background-repeat":"repeat","background-position":"center center","background-size":"auto","background-attachment":"scroll","background-type":"","background-media":"","overlay-type":"","overlay-color":"","overlay-opacity":"","overlay-gradient":""}},"footnotes":""},"categories":[1,4],"tags":[],"class_list":["post-9499","post","type-post","status-publish","format-standard","hentry","category-general","category-portada"],"post_mailing_queue_ids":[],"_links":{"self":[{"href":"https:\/\/agora.xtec.cat\/escolapratdelariba\/wp-json\/wp\/v2\/posts\/9499","targetHints":{"allow":["GET"]}}],"collection":[{"href":"https:\/\/agora.xtec.cat\/escolapratdelariba\/wp-json\/wp\/v2\/posts"}],"about":[{"href":"https:\/\/agora.xtec.cat\/escolapratdelariba\/wp-json\/wp\/v2\/types\/post"}],"author":[{"embeddable":true,"href":"https:\/\/agora.xtec.cat\/escolapratdelariba\/wp-json\/wp\/v2\/users\/4"}],"replies":[{"embeddable":true,"href":"https:\/\/agora.xtec.cat\/escolapratdelariba\/wp-json\/wp\/v2\/comments?post=9499"}],"version-history":[{"count":4,"href":"https:\/\/agora.xtec.cat\/escolapratdelariba\/wp-json\/wp\/v2\/posts\/9499\/revisions"}],"predecessor-version":[{"id":9530,"href":"https:\/\/agora.xtec.cat\/escolapratdelariba\/wp-json\/wp\/v2\/posts\/9499\/revisions\/9530"}],"wp:attachment":[{"href":"https:\/\/agora.xtec.cat\/escolapratdelariba\/wp-json\/wp\/v2\/media?parent=9499"}],"wp:term":[{"taxonomy":"category","embeddable":true,"href":"https:\/\/agora.xtec.cat\/escolapratdelariba\/wp-json\/wp\/v2\/categories?post=9499"},{"taxonomy":"post_tag","embeddable":true,"href":"https:\/\/agora.xtec.cat\/escolapratdelariba\/wp-json\/wp\/v2\/tags?post=9499"}],"curies":[{"name":"wp","href":"https:\/\/api.w.org\/{rel}","templated":true}]}}