{"id":9240,"date":"2018-03-02T13:17:31","date_gmt":"2018-03-02T12:17:31","guid":{"rendered":"http:\/\/agora.xtec.cat\/escolapratdelariba\/?p=9240"},"modified":"2018-03-02T15:10:40","modified_gmt":"2018-03-02T14:10:40","slug":"certamen-de-lectura-en-veu-alta-2","status":"publish","type":"post","link":"https:\/\/agora.xtec.cat\/escolapratdelariba\/general\/certamen-de-lectura-en-veu-alta-2\/","title":{"rendered":"CERTAMEN DE LECTURA EN VEU ALTA"},"content":{"rendered":"<p><a href=\"http:\/\/agora.xtec.cat\/escolapratdelariba\/wp-content\/uploads\/usu534\/2018\/03\/IMG_3871.jpg\"><img loading=\"lazy\" decoding=\"async\" class=\"wp-image-9247 aligncenter\" src=\"http:\/\/agora.xtec.cat\/escolapratdelariba\/wp-content\/uploads\/usu534\/2018\/03\/IMG_3871-1024x556.jpg\" alt=\"\" width=\"385\" height=\"209\" srcset=\"https:\/\/agora.xtec.cat\/escolapratdelariba\/wp-content\/uploads\/usu534\/2018\/03\/IMG_3871-1024x556.jpg 1024w, https:\/\/agora.xtec.cat\/escolapratdelariba\/wp-content\/uploads\/usu534\/2018\/03\/IMG_3871-300x163.jpg 300w, https:\/\/agora.xtec.cat\/escolapratdelariba\/wp-content\/uploads\/usu534\/2018\/03\/IMG_3871-768x417.jpg 768w\" sizes=\"auto, (max-width: 385px) 100vw, 385px\" \/><\/a>Aquest curs tornem a participar al Certamen de Lectura en Veu Alta de Catalunya. Els alumnes de Cicle Mig i Cicle Superior han estat llegint molt aquests dies i fixant-se en l&#8217;entonaci\u00f3, puntuaci\u00f3, pron\u00fancia&#8230; Cada grup ha decidit 3 representants per anar al Certamen que fem dins l&#8217;escola per triar els nostres representants de cara als quarts de final de la nostra zona.<!--more--><\/p>\n<p>Ahir tots els alumnes, les fam\u00edlies dels seleccionats i els mestres vam celebrar el nostre Certamen al teatret de l&#8217;escola. El jurat, format per 3 fam\u00edlies i 4 mestres, va escoltar a tots els lectors i&#8230; despr\u00e9s de pensar i pensar, perqu\u00e8 tots i totes ho van fer molt b\u00e9, van proposar 2 guanyadors i 2 reserves.<\/p>\n<table>\n<tbody>\n<tr style=\"height: 31px;\">\n<td style=\"height: 31px; text-align: center;\"><strong>Categoria<\/strong><\/td>\n<td style=\"height: 31px; text-align: center;\"><strong>Representant<\/strong><\/td>\n<td style=\"height: 31px; text-align: center;\"><strong>Reserva<\/strong><\/td>\n<\/tr>\n<tr style=\"height: 31px;\">\n<td style=\"text-align: center; height: 31px;\">Cicle Mig<\/td>\n<td style=\"text-align: center; height: 31px;\">Georgina Ferreres Jim\u00e9nez<\/td>\n<td style=\"text-align: center; height: 31px;\">Martina Sillero del Val<\/td>\n<\/tr>\n<tr style=\"height: 31px;\">\n<td style=\"text-align: center; height: 31px;\">Cicle Superior<\/td>\n<td style=\"text-align: center; height: 31px;\">David Blanco Dom\u00ednguez<\/td>\n<td style=\"text-align: center; height: 31px;\">Edurne Artola Risco<\/td>\n<\/tr>\n<\/tbody>\n<\/table>\n<p>Volem felicitar tamb\u00e9 a tots i totes les finalistes que ahir ens van fer gaudir d&#8217;una magn\u00edfica tarda de lectura.<\/p>\n<p><a href=\"http:\/\/agora.xtec.cat\/escolapratdelariba\/wp-content\/uploads\/usu534\/2018\/03\/IMG_3899.jpg\"><img loading=\"lazy\" decoding=\"async\" class=\"alignnone wp-image-9243\" src=\"http:\/\/agora.xtec.cat\/escolapratdelariba\/wp-content\/uploads\/usu534\/2018\/03\/IMG_3899.jpg\" alt=\"\" width=\"235\" height=\"176\" srcset=\"https:\/\/agora.xtec.cat\/escolapratdelariba\/wp-content\/uploads\/usu534\/2018\/03\/IMG_3899.jpg 640w, https:\/\/agora.xtec.cat\/escolapratdelariba\/wp-content\/uploads\/usu534\/2018\/03\/IMG_3899-300x225.jpg 300w, https:\/\/agora.xtec.cat\/escolapratdelariba\/wp-content\/uploads\/usu534\/2018\/03\/IMG_3899-200x150.jpg 200w\" sizes=\"auto, (max-width: 235px) 100vw, 235px\" \/><\/a>\u00a0 \u00a0 \u00a0\u00a0\u00a0 \u00a0 <a href=\"http:\/\/agora.xtec.cat\/escolapratdelariba\/wp-content\/uploads\/usu534\/2018\/03\/IMG_3872.jpg\"><img loading=\"lazy\" decoding=\"async\" class=\"alignnone wp-image-9242\" src=\"http:\/\/agora.xtec.cat\/escolapratdelariba\/wp-content\/uploads\/usu534\/2018\/03\/IMG_3872.jpg\" alt=\"\" width=\"235\" height=\"176\" srcset=\"https:\/\/agora.xtec.cat\/escolapratdelariba\/wp-content\/uploads\/usu534\/2018\/03\/IMG_3872.jpg 640w, https:\/\/agora.xtec.cat\/escolapratdelariba\/wp-content\/uploads\/usu534\/2018\/03\/IMG_3872-300x225.jpg 300w, https:\/\/agora.xtec.cat\/escolapratdelariba\/wp-content\/uploads\/usu534\/2018\/03\/IMG_3872-200x150.jpg 200w\" sizes=\"auto, (max-width: 235px) 100vw, 235px\" \/><\/a><a href=\"http:\/\/agora.xtec.cat\/escolapratdelariba\/wp-content\/uploads\/usu534\/2018\/03\/IMG_3908.jpg\">\u00a0 \u00a0 \u00a0 \u00a0 \u00a0\u00a0<img loading=\"lazy\" decoding=\"async\" class=\"alignnone wp-image-9244\" src=\"http:\/\/agora.xtec.cat\/escolapratdelariba\/wp-content\/uploads\/usu534\/2018\/03\/IMG_3908.jpg\" alt=\"\" width=\"235\" height=\"176\" srcset=\"https:\/\/agora.xtec.cat\/escolapratdelariba\/wp-content\/uploads\/usu534\/2018\/03\/IMG_3908.jpg 640w, https:\/\/agora.xtec.cat\/escolapratdelariba\/wp-content\/uploads\/usu534\/2018\/03\/IMG_3908-300x225.jpg 300w, https:\/\/agora.xtec.cat\/escolapratdelariba\/wp-content\/uploads\/usu534\/2018\/03\/IMG_3908-200x150.jpg 200w\" sizes=\"auto, (max-width: 235px) 100vw, 235px\" \/><\/a><\/p>\n","protected":false},"excerpt":{"rendered":"<p>Aquest curs tornem a participar al Certamen de Lectura en Veu Alta de Catalunya. Els alumnes de Cicle Mig i Cicle Superior han estat llegint molt aquests dies i fixant-se en l&#8217;entonaci\u00f3, puntuaci\u00f3, pron\u00fancia&#8230; Cada grup ha decidit 3 representants per anar al Certamen que fem dins l&#8217;escola per triar els nostres representants de cara [&hellip;]<\/p>\n","protected":false},"author":4,"featured_media":0,"comment_status":"open","ping_status":"closed","sticky":false,"template":"","format":"standard","meta":{"_bbp_topic_count":0,"_bbp_reply_count":0,"_bbp_total_topic_count":0,"_bbp_total_reply_count":0,"_bbp_voice_count":0,"_bbp_anonymous_reply_count":0,"_bbp_topic_count_hidden":0,"_bbp_reply_count_hidden":0,"_bbp_forum_subforum_count":0,"site-sidebar-layout":"default","site-content-layout":"","ast-site-content-layout":"","site-content-style":"default","site-sidebar-style":"default","ast-global-header-display":"","ast-banner-title-visibility":"","ast-main-header-display":"","ast-hfb-above-header-display":"","ast-hfb-below-header-display":"","ast-hfb-mobile-header-display":"","site-post-title":"","ast-breadcrumbs-content":"","ast-featured-img":"","footer-sml-layout":"","theme-transparent-header-meta":"","adv-header-id-meta":"","stick-header-meta":"","header-above-stick-meta":"","header-main-stick-meta":"","header-below-stick-meta":"","astra-migrate-meta-layouts":"default","ast-page-background-enabled":"default","ast-page-background-meta":{"desktop":{"background-color":"var(--ast-global-color-4)","background-image":"","background-repeat":"repeat","background-position":"center center","background-size":"auto","background-attachment":"scroll","background-type":"","background-media":"","overlay-type":"","overlay-color":"","overlay-opacity":"","overlay-gradient":""},"tablet":{"background-color":"","background-image":"","background-repeat":"repeat","background-position":"center center","background-size":"auto","background-attachment":"scroll","background-type":"","background-media":"","overlay-type":"","overlay-color":"","overlay-opacity":"","overlay-gradient":""},"mobile":{"background-color":"","background-image":"","background-repeat":"repeat","background-position":"center center","background-size":"auto","background-attachment":"scroll","background-type":"","background-media":"","overlay-type":"","overlay-color":"","overlay-opacity":"","overlay-gradient":""}},"ast-content-background-meta":{"desktop":{"background-color":"var(--ast-global-color-5)","background-image":"","background-repeat":"repeat","background-position":"center center","background-size":"auto","background-attachment":"scroll","background-type":"","background-media":"","overlay-type":"","overlay-color":"","overlay-opacity":"","overlay-gradient":""},"tablet":{"background-color":"var(--ast-global-color-5)","background-image":"","background-repeat":"repeat","background-position":"center center","background-size":"auto","background-attachment":"scroll","background-type":"","background-media":"","overlay-type":"","overlay-color":"","overlay-opacity":"","overlay-gradient":""},"mobile":{"background-color":"var(--ast-global-color-5)","background-image":"","background-repeat":"repeat","background-position":"center center","background-size":"auto","background-attachment":"scroll","background-type":"","background-media":"","overlay-type":"","overlay-color":"","overlay-opacity":"","overlay-gradient":""}},"footnotes":""},"categories":[1,4],"tags":[],"class_list":["post-9240","post","type-post","status-publish","format-standard","hentry","category-general","category-portada"],"post_mailing_queue_ids":[],"_links":{"self":[{"href":"https:\/\/agora.xtec.cat\/escolapratdelariba\/wp-json\/wp\/v2\/posts\/9240","targetHints":{"allow":["GET"]}}],"collection":[{"href":"https:\/\/agora.xtec.cat\/escolapratdelariba\/wp-json\/wp\/v2\/posts"}],"about":[{"href":"https:\/\/agora.xtec.cat\/escolapratdelariba\/wp-json\/wp\/v2\/types\/post"}],"author":[{"embeddable":true,"href":"https:\/\/agora.xtec.cat\/escolapratdelariba\/wp-json\/wp\/v2\/users\/4"}],"replies":[{"embeddable":true,"href":"https:\/\/agora.xtec.cat\/escolapratdelariba\/wp-json\/wp\/v2\/comments?post=9240"}],"version-history":[{"count":3,"href":"https:\/\/agora.xtec.cat\/escolapratdelariba\/wp-json\/wp\/v2\/posts\/9240\/revisions"}],"predecessor-version":[{"id":9268,"href":"https:\/\/agora.xtec.cat\/escolapratdelariba\/wp-json\/wp\/v2\/posts\/9240\/revisions\/9268"}],"wp:attachment":[{"href":"https:\/\/agora.xtec.cat\/escolapratdelariba\/wp-json\/wp\/v2\/media?parent=9240"}],"wp:term":[{"taxonomy":"category","embeddable":true,"href":"https:\/\/agora.xtec.cat\/escolapratdelariba\/wp-json\/wp\/v2\/categories?post=9240"},{"taxonomy":"post_tag","embeddable":true,"href":"https:\/\/agora.xtec.cat\/escolapratdelariba\/wp-json\/wp\/v2\/tags?post=9240"}],"curies":[{"name":"wp","href":"https:\/\/api.w.org\/{rel}","templated":true}]}}