{"id":9236,"date":"2018-02-27T17:46:12","date_gmt":"2018-02-27T16:46:12","guid":{"rendered":"http:\/\/agora.xtec.cat\/escolapratdelariba\/?p=9236"},"modified":"2018-03-02T13:19:56","modified_gmt":"2018-03-02T12:19:56","slug":"important-comunicacio-previsio-meteorologica-27022018","status":"publish","type":"post","link":"https:\/\/agora.xtec.cat\/escolapratdelariba\/general\/important-comunicacio-previsio-meteorologica-27022018\/","title":{"rendered":"IMPORTANT! Comunicat previsi\u00f3 meteorol\u00f2gica 28\/02\/2018"},"content":{"rendered":"<p><span style=\"color: #424242;\">Benvolgudes fam\u00edlies,\u00a0<\/span><\/p>\n<p><span style=\"color: #424242;\">Aquesta tarda hem rebut del Departament d&#8217;Ensenyament un comunicat on se&#8217;ns avisa de que\u00a0<\/span>&#8220;<i>s<\/i><i>egons informacions de Protecci\u00f3 Civil les previsions meteorol\u00f2giques han empitjorat per dem\u00e0 dimecres i per tant s\u2019ha d\u2019evitar al m\u00e0xim l\u2019\u00fas dels vehicles i el transport escolar ser\u00e0 anul\u00b7lat<\/i>.&#8221;<\/p>\n<p><span style=\"color: #424242;\">Pel que fa a les escoles sense transport com la nostra,\u00a0<\/span>&#8220;<i>en el cas que dem\u00e0 al municipi d&#8217;Esplugues o voltants la neu hagi quallat, i aix\u00f2 suposi dificultats per arribar tant del professorat com de l\u2019alumnat al centre, no \u00e9s podr\u00e0 garantir l\u2019activitat acad\u00e8mica normalitzada.&#8221;<\/i><!--more--><\/p>\n<p><u><\/u>&#8220;<i>Tot i aix\u00f2 l&#8217;escola<\/i><i>\u00a0romandr\u00e0 oberta amb serveis m\u00ednims<\/i>&#8220;<span style=\"color: #424242;\">\u00a0i, si fos possible perqu\u00e8 l&#8217;afectaci\u00f3 de neu no impedeix als mestres venir, farem classe normal.<\/span><\/p>\n<p><span style=\"color: #424242;\">Atentament,\u00a0<\/span><\/p>\n<p><span style=\"color: #424242;\">Equip Directiu<\/span><\/p>\n","protected":false},"excerpt":{"rendered":"<p>Benvolgudes fam\u00edlies,\u00a0 Aquesta tarda hem rebut del Departament d&#8217;Ensenyament un comunicat on se&#8217;ns avisa de que\u00a0&#8220;segons informacions de Protecci\u00f3 Civil les previsions meteorol\u00f2giques han empitjorat per dem\u00e0 dimecres i per tant s\u2019ha d\u2019evitar al m\u00e0xim l\u2019\u00fas dels vehicles i el transport escolar ser\u00e0 anul\u00b7lat.&#8221; Pel que fa a les escoles sense transport com la nostra,\u00a0&#8220;en [&hellip;]<\/p>\n","protected":false},"author":4,"featured_media":0,"comment_status":"open","ping_status":"closed","sticky":false,"template":"","format":"standard","meta":{"_bbp_topic_count":0,"_bbp_reply_count":0,"_bbp_total_topic_count":0,"_bbp_total_reply_count":0,"_bbp_voice_count":0,"_bbp_anonymous_reply_count":0,"_bbp_topic_count_hidden":0,"_bbp_reply_count_hidden":0,"_bbp_forum_subforum_count":0,"site-sidebar-layout":"default","site-content-layout":"","ast-site-content-layout":"","site-content-style":"default","site-sidebar-style":"default","ast-global-header-display":"","ast-banner-title-visibility":"","ast-main-header-display":"","ast-hfb-above-header-display":"","ast-hfb-below-header-display":"","ast-hfb-mobile-header-display":"","site-post-title":"","ast-breadcrumbs-content":"","ast-featured-img":"","footer-sml-layout":"","theme-transparent-header-meta":"","adv-header-id-meta":"","stick-header-meta":"","header-above-stick-meta":"","header-main-stick-meta":"","header-below-stick-meta":"","astra-migrate-meta-layouts":"default","ast-page-background-enabled":"default","ast-page-background-meta":{"desktop":{"background-color":"var(--ast-global-color-4)","background-image":"","background-repeat":"repeat","background-position":"center center","background-size":"auto","background-attachment":"scroll","background-type":"","background-media":"","overlay-type":"","overlay-color":"","overlay-opacity":"","overlay-gradient":""},"tablet":{"background-color":"","background-image":"","background-repeat":"repeat","background-position":"center center","background-size":"auto","background-attachment":"scroll","background-type":"","background-media":"","overlay-type":"","overlay-color":"","overlay-opacity":"","overlay-gradient":""},"mobile":{"background-color":"","background-image":"","background-repeat":"repeat","background-position":"center center","background-size":"auto","background-attachment":"scroll","background-type":"","background-media":"","overlay-type":"","overlay-color":"","overlay-opacity":"","overlay-gradient":""}},"ast-content-background-meta":{"desktop":{"background-color":"var(--ast-global-color-5)","background-image":"","background-repeat":"repeat","background-position":"center center","background-size":"auto","background-attachment":"scroll","background-type":"","background-media":"","overlay-type":"","overlay-color":"","overlay-opacity":"","overlay-gradient":""},"tablet":{"background-color":"var(--ast-global-color-5)","background-image":"","background-repeat":"repeat","background-position":"center center","background-size":"auto","background-attachment":"scroll","background-type":"","background-media":"","overlay-type":"","overlay-color":"","overlay-opacity":"","overlay-gradient":""},"mobile":{"background-color":"var(--ast-global-color-5)","background-image":"","background-repeat":"repeat","background-position":"center center","background-size":"auto","background-attachment":"scroll","background-type":"","background-media":"","overlay-type":"","overlay-color":"","overlay-opacity":"","overlay-gradient":""}},"footnotes":""},"categories":[1,4],"tags":[],"class_list":["post-9236","post","type-post","status-publish","format-standard","hentry","category-general","category-portada"],"post_mailing_queue_ids":[],"_links":{"self":[{"href":"https:\/\/agora.xtec.cat\/escolapratdelariba\/wp-json\/wp\/v2\/posts\/9236","targetHints":{"allow":["GET"]}}],"collection":[{"href":"https:\/\/agora.xtec.cat\/escolapratdelariba\/wp-json\/wp\/v2\/posts"}],"about":[{"href":"https:\/\/agora.xtec.cat\/escolapratdelariba\/wp-json\/wp\/v2\/types\/post"}],"author":[{"embeddable":true,"href":"https:\/\/agora.xtec.cat\/escolapratdelariba\/wp-json\/wp\/v2\/users\/4"}],"replies":[{"embeddable":true,"href":"https:\/\/agora.xtec.cat\/escolapratdelariba\/wp-json\/wp\/v2\/comments?post=9236"}],"version-history":[{"count":3,"href":"https:\/\/agora.xtec.cat\/escolapratdelariba\/wp-json\/wp\/v2\/posts\/9236\/revisions"}],"predecessor-version":[{"id":9252,"href":"https:\/\/agora.xtec.cat\/escolapratdelariba\/wp-json\/wp\/v2\/posts\/9236\/revisions\/9252"}],"wp:attachment":[{"href":"https:\/\/agora.xtec.cat\/escolapratdelariba\/wp-json\/wp\/v2\/media?parent=9236"}],"wp:term":[{"taxonomy":"category","embeddable":true,"href":"https:\/\/agora.xtec.cat\/escolapratdelariba\/wp-json\/wp\/v2\/categories?post=9236"},{"taxonomy":"post_tag","embeddable":true,"href":"https:\/\/agora.xtec.cat\/escolapratdelariba\/wp-json\/wp\/v2\/tags?post=9236"}],"curies":[{"name":"wp","href":"https:\/\/api.w.org\/{rel}","templated":true}]}}