{"id":9166,"date":"2017-11-22T09:25:09","date_gmt":"2017-11-22T08:25:09","guid":{"rendered":"http:\/\/agora.xtec.cat\/escolapratdelariba\/?p=9166"},"modified":"2017-11-22T12:50:38","modified_gmt":"2017-11-22T11:50:38","slug":"idees-per-esmorzars-i-berenars","status":"publish","type":"post","link":"https:\/\/agora.xtec.cat\/escolapratdelariba\/general\/idees-per-esmorzars-i-berenars\/","title":{"rendered":"IDEES PER ESMORZARS I BERENARS"},"content":{"rendered":"<p>Fa unes setmanes l&#8217;AMPA i l&#8217;empresa de menjador &#8220;Com a casa&#8221; van organitzar una xerrada molt interessant sobre alimentaci\u00f3 saludable, de proximitat i ecol\u00f2gica.<\/p>\n<p>Les fam\u00edlies que van venir van escoltar reflexions i consells sobre l&#8217;alimentaci\u00f3. Un dels temes que es van tractar van ser els esmorzars i berenars dels infants. La Nani Mor\u00e9, de l&#8217;associaci\u00f3 &#8220;Menjadors Ecol\u00f2gics&#8221; ens va donar unes quantes idees i ara ens ha fet arribar 2 enlla\u00e7os de webs amb propostes per\u00a0tenir m\u00e9s varietat en aquests \u00e0pats.<\/p>\n<p>Esperem que siguin del vostre inter\u00e8s:\u00a0<span style=\"color: #800080;\"><strong><span style=\"text-decoration: underline;\"><a style=\"color: #800080; text-decoration: underline;\" href=\"https:\/\/www.bioecoactual.com\/2017\/08\/22\/desayunos-saludables\/\" target=\"_blank\" rel=\"noopener noreferrer\">Esmorzars saludables<\/a><\/span> &#8211;<span style=\"text-decoration: underline;\"> <a style=\"color: #800080; text-decoration: underline;\" href=\"https:\/\/www.bioecoactual.com\/2017\/11\/14\/meriendas-faciles-edad-escolar\/\" target=\"_blank\" rel=\"noopener noreferrer\">Berenars f\u00e0cils de preparar<\/a><\/span><\/strong><\/span><\/p>\n","protected":false},"excerpt":{"rendered":"<p>Fa unes setmanes l&#8217;AMPA i l&#8217;empresa de menjador &#8220;Com a casa&#8221; van organitzar una xerrada molt interessant sobre alimentaci\u00f3 saludable, de proximitat i ecol\u00f2gica. Les fam\u00edlies que van venir van escoltar reflexions i consells sobre l&#8217;alimentaci\u00f3. Un dels temes que es van tractar van ser els esmorzars i berenars dels infants. La Nani Mor\u00e9, de [&hellip;]<\/p>\n","protected":false},"author":1,"featured_media":0,"comment_status":"open","ping_status":"closed","sticky":false,"template":"","format":"standard","meta":{"_bbp_topic_count":0,"_bbp_reply_count":0,"_bbp_total_topic_count":0,"_bbp_total_reply_count":0,"_bbp_voice_count":0,"_bbp_anonymous_reply_count":0,"_bbp_topic_count_hidden":0,"_bbp_reply_count_hidden":0,"_bbp_forum_subforum_count":0,"site-sidebar-layout":"default","site-content-layout":"","ast-site-content-layout":"","site-content-style":"default","site-sidebar-style":"default","ast-global-header-display":"","ast-banner-title-visibility":"","ast-main-header-display":"","ast-hfb-above-header-display":"","ast-hfb-below-header-display":"","ast-hfb-mobile-header-display":"","site-post-title":"","ast-breadcrumbs-content":"","ast-featured-img":"","footer-sml-layout":"","theme-transparent-header-meta":"","adv-header-id-meta":"","stick-header-meta":"","header-above-stick-meta":"","header-main-stick-meta":"","header-below-stick-meta":"","astra-migrate-meta-layouts":"default","ast-page-background-enabled":"default","ast-page-background-meta":{"desktop":{"background-color":"var(--ast-global-color-4)","background-image":"","background-repeat":"repeat","background-position":"center center","background-size":"auto","background-attachment":"scroll","background-type":"","background-media":"","overlay-type":"","overlay-color":"","overlay-opacity":"","overlay-gradient":""},"tablet":{"background-color":"","background-image":"","background-repeat":"repeat","background-position":"center center","background-size":"auto","background-attachment":"scroll","background-type":"","background-media":"","overlay-type":"","overlay-color":"","overlay-opacity":"","overlay-gradient":""},"mobile":{"background-color":"","background-image":"","background-repeat":"repeat","background-position":"center center","background-size":"auto","background-attachment":"scroll","background-type":"","background-media":"","overlay-type":"","overlay-color":"","overlay-opacity":"","overlay-gradient":""}},"ast-content-background-meta":{"desktop":{"background-color":"var(--ast-global-color-5)","background-image":"","background-repeat":"repeat","background-position":"center center","background-size":"auto","background-attachment":"scroll","background-type":"","background-media":"","overlay-type":"","overlay-color":"","overlay-opacity":"","overlay-gradient":""},"tablet":{"background-color":"var(--ast-global-color-5)","background-image":"","background-repeat":"repeat","background-position":"center center","background-size":"auto","background-attachment":"scroll","background-type":"","background-media":"","overlay-type":"","overlay-color":"","overlay-opacity":"","overlay-gradient":""},"mobile":{"background-color":"var(--ast-global-color-5)","background-image":"","background-repeat":"repeat","background-position":"center center","background-size":"auto","background-attachment":"scroll","background-type":"","background-media":"","overlay-type":"","overlay-color":"","overlay-opacity":"","overlay-gradient":""}},"footnotes":""},"categories":[1,4],"tags":[],"class_list":["post-9166","post","type-post","status-publish","format-standard","hentry","category-general","category-portada"],"post_mailing_queue_ids":[],"_links":{"self":[{"href":"https:\/\/agora.xtec.cat\/escolapratdelariba\/wp-json\/wp\/v2\/posts\/9166","targetHints":{"allow":["GET"]}}],"collection":[{"href":"https:\/\/agora.xtec.cat\/escolapratdelariba\/wp-json\/wp\/v2\/posts"}],"about":[{"href":"https:\/\/agora.xtec.cat\/escolapratdelariba\/wp-json\/wp\/v2\/types\/post"}],"author":[{"embeddable":true,"href":"https:\/\/agora.xtec.cat\/escolapratdelariba\/wp-json\/wp\/v2\/users\/1"}],"replies":[{"embeddable":true,"href":"https:\/\/agora.xtec.cat\/escolapratdelariba\/wp-json\/wp\/v2\/comments?post=9166"}],"version-history":[{"count":3,"href":"https:\/\/agora.xtec.cat\/escolapratdelariba\/wp-json\/wp\/v2\/posts\/9166\/revisions"}],"predecessor-version":[{"id":9170,"href":"https:\/\/agora.xtec.cat\/escolapratdelariba\/wp-json\/wp\/v2\/posts\/9166\/revisions\/9170"}],"wp:attachment":[{"href":"https:\/\/agora.xtec.cat\/escolapratdelariba\/wp-json\/wp\/v2\/media?parent=9166"}],"wp:term":[{"taxonomy":"category","embeddable":true,"href":"https:\/\/agora.xtec.cat\/escolapratdelariba\/wp-json\/wp\/v2\/categories?post=9166"},{"taxonomy":"post_tag","embeddable":true,"href":"https:\/\/agora.xtec.cat\/escolapratdelariba\/wp-json\/wp\/v2\/tags?post=9166"}],"curies":[{"name":"wp","href":"https:\/\/api.w.org\/{rel}","templated":true}]}}