{"id":756,"date":"2017-06-20T11:02:37","date_gmt":"2017-06-20T09:02:37","guid":{"rendered":"http:\/\/agora.xtec.cat\/escolapratdelariba\/?p=756"},"modified":"2017-06-20T11:02:50","modified_gmt":"2017-06-20T09:02:50","slug":"festa-de-la-convivencia-2","status":"publish","type":"post","link":"https:\/\/agora.xtec.cat\/escolapratdelariba\/general\/festa-de-la-convivencia-2\/","title":{"rendered":"FESTA DE LA CONVIV\u00c8NCIA"},"content":{"rendered":"<p>La festa de la conviv\u00e8ncia de l&#8217;escola ens anuncia que el curs gaireb\u00e9 s&#8217;ha acabat&#8230; L&#8217;AMPA un any m\u00e9s va organitzar una gran jornada en que fam\u00edlies, alumnes, amics, mestres&#8230; vam poder compartir riures, converses, activitats&#8230;<\/p>\n<p>Dissabte 10 de juny a les 16h es van obrir les portes del pati i van comen\u00e7ar la gresca amb una festa de l&#8217;escuma, despr\u00e9s van venir els tallers de manualitats preparats per algunes mare i pares, la gimcana organitzada pel mestre d&#8217;EF Arnau, el conte animat de Kids and Us, els inflables, el toro mec\u00e0nic, la piscina de boles&#8230; Una mica m\u00e9s cap el tard els alumnes que havien participat a la lliga d&#8217;escacs durant les hores de pati van fer la gran final i per acabar la festa vam tenir un animador que ens va fer ballar Zumba i la gran batucada dels Drums!<\/p>\n<p>Molt\u00edssimes gr\u00e0cies a l&#8217;AMPA i a totes les fam\u00edlies que vau participar directament en l&#8217;organitzaci\u00f3 d&#8217;aquest gran dia!!<\/p>\n<p>&nbsp;<iframe loading=\"lazy\" src=\"https:\/\/player.vimeo.com\/video\/222316562\" width=\"400\" height=\"300\" frameborder=\"0\" webkitallowfullscreen mozallowfullscreen allowfullscreen><\/iframe><\/p>\n<p><a href=\"https:\/\/vimeo.com\/222316562\">Festa de la conviv&egrave;ncia, AMPA<\/a> from <a href=\"https:\/\/vimeo.com\/user17974268\">Escola Prat de la Riba<\/a> on <a href=\"https:\/\/vimeo.com\">Vimeo<\/a>.<\/p>\n","protected":false},"excerpt":{"rendered":"<p>La festa de la conviv\u00e8ncia de l&#8217;escola ens anuncia que el curs gaireb\u00e9 s&#8217;ha acabat&#8230; L&#8217;AMPA un any m\u00e9s va organitzar una gran jornada en que fam\u00edlies, alumnes, amics, mestres&#8230; vam poder compartir riures, converses, activitats&#8230; Dissabte 10 de juny a les 16h es van obrir les portes del pati i van comen\u00e7ar la gresca [&hellip;]<\/p>\n","protected":false},"author":1,"featured_media":0,"comment_status":"open","ping_status":"closed","sticky":false,"template":"","format":"standard","meta":{"_bbp_topic_count":0,"_bbp_reply_count":0,"_bbp_total_topic_count":0,"_bbp_total_reply_count":0,"_bbp_voice_count":0,"_bbp_anonymous_reply_count":0,"_bbp_topic_count_hidden":0,"_bbp_reply_count_hidden":0,"_bbp_forum_subforum_count":0,"site-sidebar-layout":"default","site-content-layout":"","ast-site-content-layout":"","site-content-style":"default","site-sidebar-style":"default","ast-global-header-display":"","ast-banner-title-visibility":"","ast-main-header-display":"","ast-hfb-above-header-display":"","ast-hfb-below-header-display":"","ast-hfb-mobile-header-display":"","site-post-title":"","ast-breadcrumbs-content":"","ast-featured-img":"","footer-sml-layout":"","theme-transparent-header-meta":"","adv-header-id-meta":"","stick-header-meta":"","header-above-stick-meta":"","header-main-stick-meta":"","header-below-stick-meta":"","astra-migrate-meta-layouts":"default","ast-page-background-enabled":"default","ast-page-background-meta":{"desktop":{"background-color":"var(--ast-global-color-4)","background-image":"","background-repeat":"repeat","background-position":"center center","background-size":"auto","background-attachment":"scroll","background-type":"","background-media":"","overlay-type":"","overlay-color":"","overlay-opacity":"","overlay-gradient":""},"tablet":{"background-color":"","background-image":"","background-repeat":"repeat","background-position":"center center","background-size":"auto","background-attachment":"scroll","background-type":"","background-media":"","overlay-type":"","overlay-color":"","overlay-opacity":"","overlay-gradient":""},"mobile":{"background-color":"","background-image":"","background-repeat":"repeat","background-position":"center center","background-size":"auto","background-attachment":"scroll","background-type":"","background-media":"","overlay-type":"","overlay-color":"","overlay-opacity":"","overlay-gradient":""}},"ast-content-background-meta":{"desktop":{"background-color":"var(--ast-global-color-5)","background-image":"","background-repeat":"repeat","background-position":"center center","background-size":"auto","background-attachment":"scroll","background-type":"","background-media":"","overlay-type":"","overlay-color":"","overlay-opacity":"","overlay-gradient":""},"tablet":{"background-color":"var(--ast-global-color-5)","background-image":"","background-repeat":"repeat","background-position":"center center","background-size":"auto","background-attachment":"scroll","background-type":"","background-media":"","overlay-type":"","overlay-color":"","overlay-opacity":"","overlay-gradient":""},"mobile":{"background-color":"var(--ast-global-color-5)","background-image":"","background-repeat":"repeat","background-position":"center center","background-size":"auto","background-attachment":"scroll","background-type":"","background-media":"","overlay-type":"","overlay-color":"","overlay-opacity":"","overlay-gradient":""}},"footnotes":""},"categories":[1,4],"tags":[],"class_list":["post-756","post","type-post","status-publish","format-standard","hentry","category-general","category-portada"],"post_mailing_queue_ids":[],"_links":{"self":[{"href":"https:\/\/agora.xtec.cat\/escolapratdelariba\/wp-json\/wp\/v2\/posts\/756","targetHints":{"allow":["GET"]}}],"collection":[{"href":"https:\/\/agora.xtec.cat\/escolapratdelariba\/wp-json\/wp\/v2\/posts"}],"about":[{"href":"https:\/\/agora.xtec.cat\/escolapratdelariba\/wp-json\/wp\/v2\/types\/post"}],"author":[{"embeddable":true,"href":"https:\/\/agora.xtec.cat\/escolapratdelariba\/wp-json\/wp\/v2\/users\/1"}],"replies":[{"embeddable":true,"href":"https:\/\/agora.xtec.cat\/escolapratdelariba\/wp-json\/wp\/v2\/comments?post=756"}],"version-history":[{"count":2,"href":"https:\/\/agora.xtec.cat\/escolapratdelariba\/wp-json\/wp\/v2\/posts\/756\/revisions"}],"predecessor-version":[{"id":759,"href":"https:\/\/agora.xtec.cat\/escolapratdelariba\/wp-json\/wp\/v2\/posts\/756\/revisions\/759"}],"wp:attachment":[{"href":"https:\/\/agora.xtec.cat\/escolapratdelariba\/wp-json\/wp\/v2\/media?parent=756"}],"wp:term":[{"taxonomy":"category","embeddable":true,"href":"https:\/\/agora.xtec.cat\/escolapratdelariba\/wp-json\/wp\/v2\/categories?post=756"},{"taxonomy":"post_tag","embeddable":true,"href":"https:\/\/agora.xtec.cat\/escolapratdelariba\/wp-json\/wp\/v2\/tags?post=756"}],"curies":[{"name":"wp","href":"https:\/\/api.w.org\/{rel}","templated":true}]}}